{"id":105896,"date":"2019-07-22T07:52:59","date_gmt":"2019-07-22T10:52:59","guid":{"rendered":"http:\/\/www.caririemacao.com\/1\/?p=105896"},"modified":"2019-07-22T07:52:59","modified_gmt":"2019-07-22T10:52:59","slug":"crimes-de-feminicidio-chegam-a-53-das-mortes-de-mulheres-no-primeiro-semestre-na-paraiba","status":"publish","type":"post","link":"https:\/\/www.caririemacao.com\/1\/2019\/07\/22\/crimes-de-feminicidio-chegam-a-53-das-mortes-de-mulheres-no-primeiro-semestre-na-paraiba\/","title":{"rendered":"Crimes de feminic\u00eddio chegam a 53% das mortes de mulheres no primeiro semestre na Para\u00edba"},"content":{"rendered":"\n<p>No primeiro semestre de 2019,&nbsp;&nbsp;segundo os dados da Secretaria de Seguran\u00e7a e Defesa Social (Seds)&nbsp;&nbsp;32 mulheres foram assassinadas, em toda Para\u00edba.&nbsp;O n\u00famero representa 53% dos assassinatos de mulheres. O \u00edndice&nbsp;j\u00e1 \u00e9 maior do que o mesmo per\u00edodo do ano de 2018, quando 48 mulheres foram assassinadas e 22 casos foram tratados como feminic\u00eddios, representando 44% do total.<br><\/p>\n\n\n\n<p>Ainda segundo os dados, o m\u00eas de abril foi o mais violento, j\u00e1 que o&nbsp;n\u00famero de feminic\u00eddios aumentou 50% em rela\u00e7\u00e3o \u00e0 soma dos casos do primeiro trimestre de 2019.<\/p>\n\n\n\n<p>Das nove mortes de mulheres no m\u00eas de abril, seis come\u00e7aram a ser investigadas como feminic\u00eddio. O n\u00famero \u00e9 maior do que o que foi registrado nos tr\u00eas primeiros meses do ano somados (4 feminic\u00eddios).<\/p>\n\n\n\n<p>Em maio, o n\u00famero de feminic\u00eddios tamb\u00e9m foi alto, embora a propor\u00e7\u00e3o tenha sido menor.<\/p>\n\n\n\n<p>O casos de mortes de mulheres que est\u00e3o sendo investigados como feminic\u00eddio representam 50% do n\u00famero de homic\u00eddios dolosos ou qualquer outro crime doloso que resulte na morte de uma mulher, apenas no m\u00eas de maio de 2019.&nbsp;<\/p>\n\n\n\n<p>De acordo com a Secretaria de Seguran\u00e7a e Defesa Social da Para\u00edba, foram registrados dez homic\u00eddios de mulheres em maio. Desse total, cinco casos s\u00e3o investigados como feminic\u00eddio.<\/p>\n","protected":false},"excerpt":{"rendered":"<p>No primeiro semestre de 2019,&nbsp;&nbsp;segundo os dados da Secretaria de Seguran\u00e7a e Defesa Social (Seds)&nbsp;&nbsp;32 mulheres foram assassinadas, em toda Para\u00edba.&nbsp;O n\u00famero representa 53% dos&hellip; <\/p>\n","protected":false},"author":1,"featured_media":105897,"comment_status":"closed","ping_status":"closed","sticky":false,"template":"","format":"standard","meta":{"sfsi_plus_gutenberg_text_before_share":"","sfsi_plus_gutenberg_show_text_before_share":"","sfsi_plus_gutenberg_icon_type":"","sfsi_plus_gutenberg_icon_alignemt":"","sfsi_plus_gutenburg_max_per_row":"","footnotes":""},"categories":[12],"tags":[],"class_list":["post-105896","post","type-post","status-publish","format-standard","has-post-thumbnail","hentry","category-policia"],"_links":{"self":[{"href":"https:\/\/www.caririemacao.com\/1\/wp-json\/wp\/v2\/posts\/105896","targetHints":{"allow":["GET"]}}],"collection":[{"href":"https:\/\/www.caririemacao.com\/1\/wp-json\/wp\/v2\/posts"}],"about":[{"href":"https:\/\/www.caririemacao.com\/1\/wp-json\/wp\/v2\/types\/post"}],"author":[{"embeddable":true,"href":"https:\/\/www.caririemacao.com\/1\/wp-json\/wp\/v2\/users\/1"}],"replies":[{"embeddable":true,"href":"https:\/\/www.caririemacao.com\/1\/wp-json\/wp\/v2\/comments?post=105896"}],"version-history":[{"count":1,"href":"https:\/\/www.caririemacao.com\/1\/wp-json\/wp\/v2\/posts\/105896\/revisions"}],"predecessor-version":[{"id":105898,"href":"https:\/\/www.caririemacao.com\/1\/wp-json\/wp\/v2\/posts\/105896\/revisions\/105898"}],"wp:featuredmedia":[{"embeddable":true,"href":"https:\/\/www.caririemacao.com\/1\/wp-json\/wp\/v2\/media\/105897"}],"wp:attachment":[{"href":"https:\/\/www.caririemacao.com\/1\/wp-json\/wp\/v2\/media?parent=105896"}],"wp:term":[{"taxonomy":"category","embeddable":true,"href":"https:\/\/www.caririemacao.com\/1\/wp-json\/wp\/v2\/categories?post=105896"},{"taxonomy":"post_tag","embeddable":true,"href":"https:\/\/www.caririemacao.com\/1\/wp-json\/wp\/v2\/tags?post=105896"}],"curies":[{"name":"wp","href":"https:\/\/api.w.org\/{rel}","templated":true}]}}