{"id":105911,"date":"2019-07-22T08:03:16","date_gmt":"2019-07-22T11:03:16","guid":{"rendered":"http:\/\/www.caririemacao.com\/1\/?p=105911"},"modified":"2019-07-22T08:03:16","modified_gmt":"2019-07-22T11:03:16","slug":"solidao-do-poder-e-falta-de-lealdade-ao-povo-diz-bolsonaro","status":"publish","type":"post","link":"https:\/\/www.caririemacao.com\/1\/2019\/07\/22\/solidao-do-poder-e-falta-de-lealdade-ao-povo-diz-bolsonaro\/","title":{"rendered":"Solid\u00e3o do poder \u00e9 falta de lealdade ao povo, diz Bolsonaro"},"content":{"rendered":"\n<p>O presidente Jair Bolsonaro afirmou neste domingo (21), durante um culto envag\u00e9lico, que o &#8220;descompromisso da lealdade ao povo brasileiro&#8221; e o afastamento de Deus s\u00e3o os motivos que causam o sentimento de solid\u00e3o do poder, numa refer\u00eancia aos seus antecessores no cargo. A declara\u00e7\u00e3o foi dada durante um r\u00e1pido discurso do presidente dirigido aos fi\u00e9s da Igreja Sara Nossa Terra, no bairro Sudoeste, na capital federal.<\/p>\n\n\n\n<p>&#8220;Eu j\u00e1 ouvi de alguns, talvez todos, que me antecederam, [eles] reclamaram que, logo nas primeiras semanas que assumiram esse cargo, come\u00e7aram a sentir a solid\u00e3o do poder. O que eu posso falar \u00e9 de mim, j\u00e1 que muitas semanas se passaram. Acredito que essa solid\u00e3o do poder ela venha por dois motivos. O primeiro, pelo descompromisso da lealdade ao povo brasileiro. E o segundo, pelo afastamento do nosso criador&#8221;, afirmou Bolsonaro. Tamb\u00e9m estavam presentes ao culto a primeira-dama, Michelle Bolsonaro, o ministro-chefe da Casa Civil, Onyx Lorenzoni, e a esposa dele, Denise Veberling.<\/p>\n\n\n\n<p>Mais cedo, o presidente usou o Twitter para dizer que n\u00e3o criticou o povo nordestino, mas os governadores da regi\u00e3o, especificamente Fl\u00e1vio Dino (PCdoB), governador do Maranh\u00e3o.<\/p>\n\n\n\n<p>&#8220;&#8216;Daqueles GOVERNADORES&#8230; o pior \u00e9 o do Maranh\u00e3o&#8217;. Foi o que falei reservadamente para um ministro. NENHUMA cr\u00edtica ao povo nordestino, meus irm\u00e3os. Mas o melhor de tudo foi ver um \u00fanico general, Luiz Rocha Paiva, se aliar ao PCdoB de Fl\u00e1vio Dino, p\/ me chamar de antipatri\u00f3tico.&#8221;<\/p>\n\n\n\n<p>Na \u00faltima sexta-feira, ao receber jornalistas estrangeiros para um caf\u00e9 da manh\u00e3 no Pal\u00e1cio do Planalto, Bolsonaro falou reservadamente com o ministro da Casa Civil, Onyx Lorenzoni e disse que \u201cdaqueles governadores de \u2018para\u00edba\u2019 o pior \u00e9 o do Maranh\u00e3o; tem que ter nada para esse cara\u201d.<\/p>\n\n\n\n<p>Fl\u00e1vio Dino lamentou a declara\u00e7\u00e3o e pediu explica\u00e7\u00f5es. Segundo o governador, o comportamento do presidente teria sido incompat\u00edvel com a Constitui\u00e7\u00e3o.<\/p>\n\n\n\n<p>Na mesma sequencia de mensagens no Twitter, neste domingo, Bolsonaro chamou de \u201cmelancia\u201d o general da reserva e membro da Comiss\u00e3o de Anistia Luiz Rocha Paiva. &#8220;Mas o melhor de tudo foi ver um \u00fanico general, Luiz Rocha Paiva, se aliar ao PCdoB de Fl\u00e1vio Dino, p\/ me chamar de antipatri\u00f3tico. Sem querer descobrimos um melancia, defensor da Guerrilha do Araguaia, em pleno s\u00e9culo XXI&#8221;, tuitou. O termo &#8220;melancia\u201d \u00e9 comumente usado por militares da direita para se referir aos de esquerda, que seriam verdes por fora (cor da farda) e vermelhos por dentro.<\/p>\n\n\n\n<figure class=\"wp-block-image\"><a href=\"https:\/\/twitter.com\/jairbolsonaro\"><img decoding=\"async\" data-src=\"https:\/\/pbs.twimg.com\/profile_images\/1057631480459886595\/9VPdGJJz_bigger.jpg\" alt=\"\" src=\"data:image\/svg+xml;base64,PHN2ZyB3aWR0aD0iMSIgaGVpZ2h0PSIxIiB4bWxucz0iaHR0cDovL3d3dy53My5vcmcvMjAwMC9zdmciPjwvc3ZnPg==\" class=\"lazyload\" \/><\/a><\/figure>\n\n\n\n<p><a href=\"https:\/\/twitter.com\/jairbolsonaro\"><strong>Jair M. Bolsonaro<\/strong><strong>&#x2714;<\/strong>@jairbolsonaro<\/a><a href=\"https:\/\/twitter.com\/jairbolsonaro\/status\/1152928886956732416\"><\/a><\/p>\n\n\n\n<p>&#8220;Daqueles GOVERNADORES&#8230; o pior \u00e9 o do Maranh\u00e3o&#8221;. Foi o que falei reservadamente para um ministro. NENHUMA cr\u00edtica ao povo nordestino, meus irm\u00e3os. Mas o melhor de tudo foi ver um \u00fanico general, Luiz Rocha Paiva, se aliar ao PCdoB de Fl\u00e1vio Dino, p\/ me chamar de antipatri\u00f3tico.<a href=\"https:\/\/twitter.com\/intent\/like?tweet_id=1152928886956732416\">57,9&nbsp;mil<\/a><a href=\"https:\/\/twitter.com\/jairbolsonaro\/status\/1152928886956732416\">10:10 &#8211; 21 de jul de 2019<\/a><a href=\"https:\/\/support.twitter.com\/articles\/20175256\">Informa\u00e7\u00f5es e privacidade no Twitter Ads<\/a><a href=\"https:\/\/twitter.com\/jairbolsonaro\/status\/1152928886956732416\">19,8&nbsp;mil pessoas est\u00e3o falando sobre isso<\/a><\/p>\n\n\n\n<h2 class=\"wp-block-heading\">Porto de Itaqui<\/h2>\n\n\n\n<p>Ap\u00f3s essas declara\u00e7\u00f5es, o presidente&nbsp;Jair Bolsonaro anunciou, tamb\u00e9m no Twitter, que o porto de Itaqui, no Maranh\u00e3o, estar\u00e1 conectado, por ferrovia, ao porto de Santos, em at\u00e9 dois anos.<\/p>\n\n\n\n<p>O presidente se refere \u00e0 concess\u00e3o de um trecho da Ferrovia Norte-Sul que liga Porto Nacional, em Tocantins, a Estrela d\u2019Oeste, em S\u00e3o Paulo. O contrato, no valor de R$ 2,8 bilh\u00f5es, ser\u00e1 assinado ainda este m\u00eas e o trecho no sentido norte entrar\u00e1 em opera\u00e7\u00e3o imediatamente.<\/p>\n\n\n\n<p>A expectativa do governo \u00e9 de que at\u00e9 2021 o trecho da ferrovia que liga os dois portos esteja operando plenamente nos dois sentidos.<\/p>\n\n\n\n<p>&#8220;Em 2 anos o porto de Itaqui, no Maranh\u00e3o, estar\u00e1 ligado, por ferrovia, ao porto de Santos. Em 4 anos faremos muito pelo Brasil e o at\u00e9 ent\u00e3o esquecido Nordeste, apesar da m\u00eddia e alguns governadores&#8221;, tuitou.<\/p>\n\n\n\n<figure class=\"wp-block-image\"><a href=\"https:\/\/twitter.com\/jairbolsonaro\"><img decoding=\"async\" data-src=\"https:\/\/pbs.twimg.com\/profile_images\/1057631480459886595\/9VPdGJJz_bigger.jpg\" alt=\"\" src=\"data:image\/svg+xml;base64,PHN2ZyB3aWR0aD0iMSIgaGVpZ2h0PSIxIiB4bWxucz0iaHR0cDovL3d3dy53My5vcmcvMjAwMC9zdmciPjwvc3ZnPg==\" class=\"lazyload\" \/><\/a><\/figure>\n\n\n\n<p><a href=\"https:\/\/twitter.com\/jairbolsonaro\"><strong>Jair M. Bolsonaro<\/strong><strong>&#x2714;<\/strong>@jairbolsonaro<\/a><a href=\"https:\/\/twitter.com\/jairbolsonaro\/status\/1152934326318878720\"><\/a><\/p>\n\n\n\n<p>&#8211; Em 2 anos o porto de Itaqui, no Maranh\u00e3o, estar\u00e1 ligado, por ferrovia, ao porto de Santos. Em 4 anos faremos muito pelo Brasil e o at\u00e9 ent\u00e3o esquecido Nordeste, apesar da m\u00eddia e alguns governadores.<\/p>\n\n\n\n<figure class=\"wp-block-image\"><img decoding=\"async\" src=\"https:\/\/pbs.twimg.com\/ext_tw_video_thumb\/1152934002879324160\/pu\/img\/fPOUhwzc2OUExoEH?format=jpg&amp;name=small\" alt=\"V\u00eddeo incorporado\"\/><\/figure>\n\n\n\n<p><a href=\"https:\/\/twitter.com\/intent\/like?tweet_id=1152934326318878720\">38,8<\/a><\/p>\n","protected":false},"excerpt":{"rendered":"<p>O presidente Jair Bolsonaro afirmou neste domingo (21), durante um culto envag\u00e9lico, que o &#8220;descompromisso da lealdade ao povo brasileiro&#8221; e o afastamento de Deus&hellip; <\/p>\n","protected":false},"author":1,"featured_media":105912,"comment_status":"closed","ping_status":"closed","sticky":false,"template":"","format":"standard","meta":{"sfsi_plus_gutenberg_text_before_share":"","sfsi_plus_gutenberg_show_text_before_share":"","sfsi_plus_gutenberg_icon_type":"","sfsi_plus_gutenberg_icon_alignemt":"","sfsi_plus_gutenburg_max_per_row":"","footnotes":""},"categories":[11],"tags":[],"class_list":["post-105911","post","type-post","status-publish","format-standard","has-post-thumbnail","hentry","category-politica"],"_links":{"self":[{"href":"https:\/\/www.caririemacao.com\/1\/wp-json\/wp\/v2\/posts\/105911","targetHints":{"allow":["GET"]}}],"collection":[{"href":"https:\/\/www.caririemacao.com\/1\/wp-json\/wp\/v2\/posts"}],"about":[{"href":"https:\/\/www.caririemacao.com\/1\/wp-json\/wp\/v2\/types\/post"}],"author":[{"embeddable":true,"href":"https:\/\/www.caririemacao.com\/1\/wp-json\/wp\/v2\/users\/1"}],"replies":[{"embeddable":true,"href":"https:\/\/www.caririemacao.com\/1\/wp-json\/wp\/v2\/comments?post=105911"}],"version-history":[{"count":1,"href":"https:\/\/www.caririemacao.com\/1\/wp-json\/wp\/v2\/posts\/105911\/revisions"}],"predecessor-version":[{"id":105913,"href":"https:\/\/www.caririemacao.com\/1\/wp-json\/wp\/v2\/posts\/105911\/revisions\/105913"}],"wp:featuredmedia":[{"embeddable":true,"href":"https:\/\/www.caririemacao.com\/1\/wp-json\/wp\/v2\/media\/105912"}],"wp:attachment":[{"href":"https:\/\/www.caririemacao.com\/1\/wp-json\/wp\/v2\/media?parent=105911"}],"wp:term":[{"taxonomy":"category","embeddable":true,"href":"https:\/\/www.caririemacao.com\/1\/wp-json\/wp\/v2\/categories?post=105911"},{"taxonomy":"post_tag","embeddable":true,"href":"https:\/\/www.caririemacao.com\/1\/wp-json\/wp\/v2\/tags?post=105911"}],"curies":[{"name":"wp","href":"https:\/\/api.w.org\/{rel}","templated":true}]}}