{"id":105919,"date":"2019-07-22T08:07:09","date_gmt":"2019-07-22T11:07:09","guid":{"rendered":"http:\/\/www.caririemacao.com\/1\/?p=105919"},"modified":"2019-07-22T08:07:09","modified_gmt":"2019-07-22T11:07:09","slug":"numero-de-pacientes-com-hepatite-cresce-20-em-10-anos-no-brasil","status":"publish","type":"post","link":"https:\/\/www.caririemacao.com\/1\/2019\/07\/22\/numero-de-pacientes-com-hepatite-cresce-20-em-10-anos-no-brasil\/","title":{"rendered":"N\u00famero de pacientes com hepatite cresce 20% em 10 anos no Brasil"},"content":{"rendered":"\n<p>O n\u00famero de pacientes notificados com casos de hepatites virais no Brasil aumentou 20% de 2008 a 2018, de acordo com o Boletim Epidemiol\u00f3gico de Hepatites Virais 2019, divulgado hoje (22) pelo Minist\u00e9rio da Sa\u00fade. Em 2008, foram registrados 35.370 casos. Dez anos depois, esse n\u00famero saltou para 42.383.<\/p>\n\n\n\n<p>Apesar do aumento, o levantamento apontou queda de 9% no total de mortes, saindo de 2.402 em 2007 para 2.184 em 2017. &nbsp;<\/p>\n\n\n\n<p>A hepatite \u00e9 a inflama\u00e7\u00e3o do f\u00edgado. Ela pode ser causada por v\u00edrus ou pelo uso de alguns rem\u00e9dios, \u00e1lcool e outras drogas, assim como por doen\u00e7as autoimunes, metab\u00f3licas e gen\u00e9ticas.<\/p>\n\n\n\n<p>De acordo com o Minist\u00e9rio da Sa\u00fade, s\u00e3o doen\u00e7as silenciosas que nem sempre apresentam sintomas, mas quando estes aparecem, podem ser cansa\u00e7o, febre, mal-estar, tontura, enjoo, v\u00f4mitos, dor abdominal, pele e olhos amarelados, urina escura e fezes claras.<\/p>\n\n\n\n<p>No Brasil, as hepatites virais mais comuns s\u00e3o as causadas pelos v\u00edrus A, B e C. Existem, ainda, os v\u00edrus D e E, esse \u00faltimo mais frequente na \u00c1frica e na \u00c1sia.<\/p>\n\n\n\n<h2 class=\"wp-block-heading\">Tipo de hepatite<\/h2>\n\n\n\n<p>De 2000 a 2017, foram identificados no Brasil, segundo o boletim, 70.671 \u00f3bitos por causas b\u00e1sicas e associadas \u00e0s hepatites virais dos tipos A, B, C e D. Desses, 1,6% foi associado \u00e0 hepatite viral A; 21,3% \u00e0 hepatite B; 76% \u00e0 hepatite C e 1,1% \u00e0 hepatite D.<\/p>\n\n\n\n<p>O boletim mostra que o tipo C da doen\u00e7a, al\u00e9m de ser o mais letal, \u00e9 o mais prevalente. Ao todo, 26.167 casos foram notificados em 2018.<\/p>\n\n\n\n<p>A doen\u00e7a \u00e9 transmitida por sangue contaminado, sexo desprotegido e compartilhamento de objetos cortantes.<\/p>\n\n\n\n<p>O maior n\u00famero de pessoas com hepatite C se concentra em pessoas acima dos 40 anos. A hepatite C nem sempre apresenta sintomas.<\/p>\n\n\n\n<p>Por isso, o Minist\u00e9rio da Sa\u00fade estima que, atualmente, mais de 500 mil pessoas convivam com o v\u00edrus C da hepatite e ainda n\u00e3o sabem.<\/p>\n\n\n\n<p>Foram notificados ainda 2.149 casos de hepatite A no Brasil. A transmiss\u00e3o mais comum desse tipo da doen\u00e7a \u00e9 pela \u00e1gua e alimentos contaminados. O tratamento geralmente evolui para cura.&nbsp; &nbsp;<\/p>\n\n\n\n<p>Tamb\u00e9m foram registrados 13.992 casos de hepatite B, que pode ser transmitida pelo contato com sangue contaminado, sexo desprotegido, compartilhamento de objetos cortantes e de uso pessoal e pode tamb\u00e9m ser transmitida de m\u00e3e para filho.<\/p>\n\n\n\n<p>J\u00e1 a hepatite D foi registrada em 145 pacientes. A infec\u00e7\u00e3o ocorre quando a pessoa j\u00e1 contraiu o v\u00edrus tipo B.<\/p>\n\n\n\n<p>Os sintomas da hepatite D s\u00e3o silenciosos e a doen\u00e7a \u00e9 combatida por meio da vacina contra a hepatite B que tamb\u00e9m protege contra a D.<\/p>\n\n\n\n<h2 class=\"wp-block-heading\">Combate<\/h2>\n\n\n\n<p>Nas v\u00e9speras do Dia Mundial de Luta Contra as Hepatites Virais, dia 28 de julho, o Minist\u00e9rio da Sa\u00fade alerta para a import\u00e2ncia do diagn\u00f3stico e tratamento da doen\u00e7a.<\/p>\n\n\n\n<p>\u201cEstamos garantindo preven\u00e7\u00e3o, por meio de vacinas, e diagn\u00f3stico, com oferta de testes, al\u00e9m de tratamento medicamentoso. \u00c9 muito importante que as pessoas acima de 40 anos procurem a unidade de sa\u00fade mais pr\u00f3xima para realizar testagem e se imunizar contra a hepatite B e que os pais vacinem as crian\u00e7as contra hepatite A. Assim, conseguiremos tratar ainda mais pessoas e eliminar a sombra da hepatite do Brasil\u201d, diz, em nota, o ministro da Sa\u00fade, Luiz Henrique Mandetta.<\/p>\n\n\n\n<p>Em 2018, o Minist\u00e9rio da Sa\u00fade distribuiu 25 milh\u00f5es de testes de hepatite B e C. Para 2019, com o fortalecimento das a\u00e7\u00f5es de diagn\u00f3stico e amplia\u00e7\u00e3o do tratamento, a expectativa \u00e9 que esse n\u00famero seja superado.<\/p>\n\n\n\n<p>Al\u00e9m dos testes, o Sistema \u00danico de Sa\u00fade (SUS) oferece vacina contra a hepatite A para menores de 5 anos e grupos de risco. Disponibiliza tamb\u00e9m vacina contra a hepatite B para todas as faixas et\u00e1rias. Esta vacina tamb\u00e9m protege contra a hepatite D.<\/p>\n\n\n\n<h2 class=\"wp-block-heading\">Elimina\u00e7\u00e3o da hepatite C<\/h2>\n\n\n\n<p>O Brasil tem como meta eliminar a hepatite C at\u00e9 2030. Para isso, nos \u00faltimos tr\u00eas anos, foram disponibilizados pelo SUS 100 mil tratamentos para hepatite C.<\/p>\n\n\n\n<p>Neste ano, foram entregues 24 mil tratamentos para a doen\u00e7a. At\u00e9 o in\u00edcio de agosto, de acordo com o Minist\u00e9rio da Sa\u00fade, ser\u00e3o entregues outros 5 mil tratamentos.<\/p>\n\n\n\n<p>Em 2019, o Minist\u00e9rio da Sa\u00fade adquiriu 42.947 tratamentos sofosbuvir\/ledipasvir e sofosbuvir\/velpatasvir. Outros 7 mil tratamentos est\u00e3o em processo de aquisi\u00e7\u00e3o.<\/p>\n\n\n\n<p>De acordo com a pasta, todas as pessoas diagnosticadas com hepatite C t\u00eam a garantia de acesso ao tratamento, independente do dano no f\u00edgado, assegurando universaliza\u00e7\u00e3o do acesso previsto desde mar\u00e7o de 2018. Essa a\u00e7\u00e3o, segundo o minist\u00e9rio, coloca o Brasil como protagonista mundial no combate a hepatite C.<\/p>\n","protected":false},"excerpt":{"rendered":"<p>O n\u00famero de pacientes notificados com casos de hepatites virais no Brasil aumentou 20% de 2008 a 2018, de acordo com o Boletim Epidemiol\u00f3gico de&hellip; <\/p>\n","protected":false},"author":1,"featured_media":105920,"comment_status":"closed","ping_status":"closed","sticky":false,"template":"","format":"standard","meta":{"sfsi_plus_gutenberg_text_before_share":"","sfsi_plus_gutenberg_show_text_before_share":"","sfsi_plus_gutenberg_icon_type":"","sfsi_plus_gutenberg_icon_alignemt":"","sfsi_plus_gutenburg_max_per_row":"","footnotes":""},"categories":[16],"tags":[],"class_list":["post-105919","post","type-post","status-publish","format-standard","has-post-thumbnail","hentry","category-saude"],"_links":{"self":[{"href":"https:\/\/www.caririemacao.com\/1\/wp-json\/wp\/v2\/posts\/105919","targetHints":{"allow":["GET"]}}],"collection":[{"href":"https:\/\/www.caririemacao.com\/1\/wp-json\/wp\/v2\/posts"}],"about":[{"href":"https:\/\/www.caririemacao.com\/1\/wp-json\/wp\/v2\/types\/post"}],"author":[{"embeddable":true,"href":"https:\/\/www.caririemacao.com\/1\/wp-json\/wp\/v2\/users\/1"}],"replies":[{"embeddable":true,"href":"https:\/\/www.caririemacao.com\/1\/wp-json\/wp\/v2\/comments?post=105919"}],"version-history":[{"count":1,"href":"https:\/\/www.caririemacao.com\/1\/wp-json\/wp\/v2\/posts\/105919\/revisions"}],"predecessor-version":[{"id":105921,"href":"https:\/\/www.caririemacao.com\/1\/wp-json\/wp\/v2\/posts\/105919\/revisions\/105921"}],"wp:featuredmedia":[{"embeddable":true,"href":"https:\/\/www.caririemacao.com\/1\/wp-json\/wp\/v2\/media\/105920"}],"wp:attachment":[{"href":"https:\/\/www.caririemacao.com\/1\/wp-json\/wp\/v2\/media?parent=105919"}],"wp:term":[{"taxonomy":"category","embeddable":true,"href":"https:\/\/www.caririemacao.com\/1\/wp-json\/wp\/v2\/categories?post=105919"},{"taxonomy":"post_tag","embeddable":true,"href":"https:\/\/www.caririemacao.com\/1\/wp-json\/wp\/v2\/tags?post=105919"}],"curies":[{"name":"wp","href":"https:\/\/api.w.org\/{rel}","templated":true}]}}