{"id":105925,"date":"2019-07-22T08:10:46","date_gmt":"2019-07-22T11:10:46","guid":{"rendered":"http:\/\/www.caririemacao.com\/1\/?p=105925"},"modified":"2019-07-22T08:10:46","modified_gmt":"2019-07-22T11:10:46","slug":"previsao-do-tempo-para-esta-segunda-feira-em-toda-paraiba-17","status":"publish","type":"post","link":"https:\/\/www.caririemacao.com\/1\/2019\/07\/22\/previsao-do-tempo-para-esta-segunda-feira-em-toda-paraiba-17\/","title":{"rendered":"Previs\u00e3o do tempo para esta segunda-feira em toda Para\u00edba"},"content":{"rendered":"\n<p>Os ventos \u00famidos que sopram do oceano Atl\u00e2ntico em dire\u00e7\u00e3o \u00e0 costa leste nordestina favorecem ao aumento de nebulosidade na faixa leste do estado da Para\u00edba. Tal condi\u00e7\u00e3o deixa o tempo inst\u00e1vel, com chuva alternados por per\u00edodos sem chuva na regi\u00e3o que vai desde o Litoral at\u00e9 o Agreste Paraibano.<\/p>\n\n\n\n<div class=\"wp-block-image\"><figure class=\"aligncenter\"><img decoding=\"async\" data-src=\"https:\/\/paraibaonline.com.br\/wp-content\/uploads\/2019\/07\/tempo2207.jpg\" alt=\"\" class=\"wp-image-753056 lazyload\" src=\"data:image\/svg+xml;base64,PHN2ZyB3aWR0aD0iMSIgaGVpZ2h0PSIxIiB4bWxucz0iaHR0cDovL3d3dy53My5vcmcvMjAwMC9zdmciPjwvc3ZnPg==\" \/><\/figure><\/div>\n\n\n\n<p>*Fonte: Aesa<\/p>\n","protected":false},"excerpt":{"rendered":"<p>Os ventos \u00famidos que sopram do oceano Atl\u00e2ntico em dire\u00e7\u00e3o \u00e0 costa leste nordestina favorecem ao aumento de nebulosidade na faixa leste do estado da&hellip; <\/p>\n","protected":false},"author":1,"featured_media":105926,"comment_status":"closed","ping_status":"closed","sticky":false,"template":"","format":"standard","meta":{"sfsi_plus_gutenberg_text_before_share":"","sfsi_plus_gutenberg_show_text_before_share":"","sfsi_plus_gutenberg_icon_type":"","sfsi_plus_gutenberg_icon_alignemt":"","sfsi_plus_gutenburg_max_per_row":"","footnotes":""},"categories":[6],"tags":[],"class_list":["post-105925","post","type-post","status-publish","format-standard","has-post-thumbnail","hentry","category-cidades"],"_links":{"self":[{"href":"https:\/\/www.caririemacao.com\/1\/wp-json\/wp\/v2\/posts\/105925","targetHints":{"allow":["GET"]}}],"collection":[{"href":"https:\/\/www.caririemacao.com\/1\/wp-json\/wp\/v2\/posts"}],"about":[{"href":"https:\/\/www.caririemacao.com\/1\/wp-json\/wp\/v2\/types\/post"}],"author":[{"embeddable":true,"href":"https:\/\/www.caririemacao.com\/1\/wp-json\/wp\/v2\/users\/1"}],"replies":[{"embeddable":true,"href":"https:\/\/www.caririemacao.com\/1\/wp-json\/wp\/v2\/comments?post=105925"}],"version-history":[{"count":1,"href":"https:\/\/www.caririemacao.com\/1\/wp-json\/wp\/v2\/posts\/105925\/revisions"}],"predecessor-version":[{"id":105927,"href":"https:\/\/www.caririemacao.com\/1\/wp-json\/wp\/v2\/posts\/105925\/revisions\/105927"}],"wp:featuredmedia":[{"embeddable":true,"href":"https:\/\/www.caririemacao.com\/1\/wp-json\/wp\/v2\/media\/105926"}],"wp:attachment":[{"href":"https:\/\/www.caririemacao.com\/1\/wp-json\/wp\/v2\/media?parent=105925"}],"wp:term":[{"taxonomy":"category","embeddable":true,"href":"https:\/\/www.caririemacao.com\/1\/wp-json\/wp\/v2\/categories?post=105925"},{"taxonomy":"post_tag","embeddable":true,"href":"https:\/\/www.caririemacao.com\/1\/wp-json\/wp\/v2\/tags?post=105925"}],"curies":[{"name":"wp","href":"https:\/\/api.w.org\/{rel}","templated":true}]}}