{"id":105931,"date":"2019-07-22T08:17:15","date_gmt":"2019-07-22T11:17:15","guid":{"rendered":"http:\/\/www.caririemacao.com\/1\/?p=105931"},"modified":"2019-07-22T08:17:15","modified_gmt":"2019-07-22T11:17:15","slug":"programa-de-pos-graduacao-em-ciencias-da-nutricao-da-ufpb-realiza-pesquisa-em-sume","status":"publish","type":"post","link":"https:\/\/www.caririemacao.com\/1\/2019\/07\/22\/programa-de-pos-graduacao-em-ciencias-da-nutricao-da-ufpb-realiza-pesquisa-em-sume\/","title":{"rendered":"Programa de p\u00f3s-gradua\u00e7\u00e3o em ci\u00eancias da nutri\u00e7\u00e3o da UFPB realiza pesquisa em Sum\u00e9"},"content":{"rendered":"\n<p>O programa de p\u00f3s-gradua\u00e7\u00e3o em Ci\u00eancias da Nutri\u00e7\u00e3o, da Universidade Federal de Campina Grande, est\u00e1 realizando a pesquisa Potencialidades de Leites de Cabra no Promo\u00e7\u00e3o da Seguran\u00e7a Alimentar e Nutricional no Cariri Paraibano, sob a orienta\u00e7\u00e3o e coordena\u00e7\u00e3o da professora Rita de C\u00e1ssia Ramos e do pesquisador Ant\u00f4nio Silvio do Egito.<\/p>\n\n\n\n<p>Membros do grupo de estudo estiveram na quarta-feira (17), colhendo informa\u00e7\u00f5es no Programa de Aquisi\u00e7\u00e3o de Alimentos de Sum\u00e9, anexo1, no bairro da V\u00e1rzea Redonda, local onde acontece a entrega para os benefici\u00e1rios da localidade.<\/p>\n\n\n\n<p>O objetivo da pesquisa \u00e9 apresentar a import\u00e2ncia do leite de cabra na nutri\u00e7\u00e3o de crian\u00e7as que consomem o produto por meio do Programa do Leite da Para\u00edba.<\/p>\n\n\n\n<p>Nas atividades previstas no projeto ser\u00e3o avaliadas, com a aplica\u00e7\u00e3o de question\u00e1rios, as fam\u00edlias beneficiadas e n\u00e3o beneficiadas, como tamb\u00e9m avalia\u00e7\u00f5es antropom\u00e9tricas, com coleta do \u00edndice de massa corp\u00f3rea das crian\u00e7as e, ainda, a qualidade nutricional do leite distribu\u00eddo.<\/p>\n\n\n\n<p>Ap\u00f3s a conclus\u00e3o dos estudos, o programa de p\u00f3s-gradua\u00e7\u00e3o em Ci\u00eancias da Nutri\u00e7\u00e3o da UFPB, estar\u00e1 disponibilizando as informa\u00e7\u00f5es sobre o Programa do Leite e o p\u00fablico alvo, com a possibilidade do impacto positivo na cadeira de produ\u00e7\u00e3o de leite caprino, gerando dados cient\u00edficos que possam promover o aumento do consumo de leite da cabra entre a popula\u00e7\u00e3o brasileira.<\/p>\n","protected":false},"excerpt":{"rendered":"<p>O programa de p\u00f3s-gradua\u00e7\u00e3o em Ci\u00eancias da Nutri\u00e7\u00e3o, da Universidade Federal de Campina Grande, est\u00e1 realizando a pesquisa Potencialidades de Leites de Cabra no Promo\u00e7\u00e3o&hellip; <\/p>\n","protected":false},"author":1,"featured_media":105932,"comment_status":"closed","ping_status":"closed","sticky":false,"template":"","format":"standard","meta":{"sfsi_plus_gutenberg_text_before_share":"","sfsi_plus_gutenberg_show_text_before_share":"","sfsi_plus_gutenberg_icon_type":"","sfsi_plus_gutenberg_icon_alignemt":"","sfsi_plus_gutenburg_max_per_row":"","footnotes":""},"categories":[50,2],"tags":[],"class_list":["post-105931","post","type-post","status-publish","format-standard","has-post-thumbnail","hentry","category-destaque","category-geral"],"_links":{"self":[{"href":"https:\/\/www.caririemacao.com\/1\/wp-json\/wp\/v2\/posts\/105931","targetHints":{"allow":["GET"]}}],"collection":[{"href":"https:\/\/www.caririemacao.com\/1\/wp-json\/wp\/v2\/posts"}],"about":[{"href":"https:\/\/www.caririemacao.com\/1\/wp-json\/wp\/v2\/types\/post"}],"author":[{"embeddable":true,"href":"https:\/\/www.caririemacao.com\/1\/wp-json\/wp\/v2\/users\/1"}],"replies":[{"embeddable":true,"href":"https:\/\/www.caririemacao.com\/1\/wp-json\/wp\/v2\/comments?post=105931"}],"version-history":[{"count":1,"href":"https:\/\/www.caririemacao.com\/1\/wp-json\/wp\/v2\/posts\/105931\/revisions"}],"predecessor-version":[{"id":105933,"href":"https:\/\/www.caririemacao.com\/1\/wp-json\/wp\/v2\/posts\/105931\/revisions\/105933"}],"wp:featuredmedia":[{"embeddable":true,"href":"https:\/\/www.caririemacao.com\/1\/wp-json\/wp\/v2\/media\/105932"}],"wp:attachment":[{"href":"https:\/\/www.caririemacao.com\/1\/wp-json\/wp\/v2\/media?parent=105931"}],"wp:term":[{"taxonomy":"category","embeddable":true,"href":"https:\/\/www.caririemacao.com\/1\/wp-json\/wp\/v2\/categories?post=105931"},{"taxonomy":"post_tag","embeddable":true,"href":"https:\/\/www.caririemacao.com\/1\/wp-json\/wp\/v2\/tags?post=105931"}],"curies":[{"name":"wp","href":"https:\/\/api.w.org\/{rel}","templated":true}]}}