{"id":105956,"date":"2019-07-22T08:54:09","date_gmt":"2019-07-22T11:54:09","guid":{"rendered":"http:\/\/www.caririemacao.com\/1\/?p=105956"},"modified":"2019-07-22T08:54:09","modified_gmt":"2019-07-22T11:54:09","slug":"numero-de-vagas-com-carteira-assinada-cresce-em-menor-ritmo","status":"publish","type":"post","link":"https:\/\/www.caririemacao.com\/1\/2019\/07\/22\/numero-de-vagas-com-carteira-assinada-cresce-em-menor-ritmo\/","title":{"rendered":"N\u00famero de vagas com carteira assinada cresce em menor ritmo"},"content":{"rendered":"\n<p>O Brasil\u00a0<strong>abriu\u00a0351.063\u00a0vagas de trabalho com carteira<\/strong>\u00a0assinada nos cinco primeiros meses deste ano, segundo dados do Ceged (Cadastro Geral de Empregados e Desempregados).<\/p>\n\n\n\n<p>Apesar de positivo, o saldo de postos criados \u00e9 7,8% inferior em compara\u00e7\u00e3o com o mesmo per\u00edodo de 2018, quando foram criadas 381.166 vagas formais.<\/p>\n\n\n\n<p>Na an\u00e1lise m\u00eas a m\u00eas, o resultado inferior ao registrado no ano passado pode ser justificado pelo\u00a0<strong>corte de 43.196 trabalhadores no m\u00eas de mar\u00e7o<\/strong>. Em 2018, as contrata\u00e7\u00f5es superaram as demiss\u00f5es em todos os cinco primeiros meses do ano.<\/p>\n\n\n\n\n\n\n\n<p>Ao anunciar os dados de maio, o secret\u00e1rio de Trabalho do Minist\u00e9rio da Economia, Bruno Dalcomo, afirma que os dados deste ano refletem uma economia &#8220;em compasso de espera&#8221;.<\/p>\n\n\n\n<p>A gera\u00e7\u00e3o de emprego est\u00e1 em linha com o que a economia vem demonstrando, que est\u00e1 com dificuldade de al\u00e7ar novos voos&#8221;, avaliou Dalcomo ao defender a necessidade de aprova\u00e7\u00e3o da&nbsp;<a href=\"https:\/\/noticias.r7.com\/economia\/reforma-da-previdencia?\"><strong>reforma da Previd\u00eancia<\/strong><\/a>.<\/p>\n\n\n\n<figure class=\"wp-block-image\"><img decoding=\"async\" src=\"https:\/\/img.r7.com\/images\/emprego-19072019181418199\" alt=\"\"\/><\/figure>\n\n\n\n<p>Com 1.689.602 demiss\u00f5es e 1.603.455 contrata\u00e7\u00f5es, o com\u00e9rcio \u00e9 a \u00fanica \u00e1rea de atividade que acumula mais demiss\u00f5es do que contrata\u00e7\u00f5es no ano.<\/p>\n\n\n\n<p>Por outro lado, o saldo positivo de empregos no ano foi guiado pelas 244.271 novas vagas formais nos servi\u00e7os.<\/p>\n\n\n\n<p>Tamb\u00e9m acumulam resultado positivo a ind\u00fastria de transforma\u00e7\u00e3o (+80.409), agropecu\u00e1ria (+50.548) e a constru\u00e7\u00e3o civil (+43.118).<\/p>\n\n\n\n<p>Em menor n\u00edvel, os setores de administra\u00e7\u00e3o p\u00fablica (+15.171), extrativa mineral (+2.802) e utilidade p\u00fablica (+891) tamb\u00e9m somam mais contrata\u00e7\u00f5es do que demiss\u00f5es com carteira assinada.<\/p>\n","protected":false},"excerpt":{"rendered":"<p>O Brasil\u00a0abriu\u00a0351.063\u00a0vagas de trabalho com carteira\u00a0assinada nos cinco primeiros meses deste ano, segundo dados do Ceged (Cadastro Geral de Empregados e Desempregados). Apesar de positivo,&hellip; <\/p>\n","protected":false},"author":1,"featured_media":105957,"comment_status":"closed","ping_status":"closed","sticky":false,"template":"","format":"standard","meta":{"sfsi_plus_gutenberg_text_before_share":"","sfsi_plus_gutenberg_show_text_before_share":"","sfsi_plus_gutenberg_icon_type":"","sfsi_plus_gutenberg_icon_alignemt":"","sfsi_plus_gutenburg_max_per_row":"","footnotes":""},"categories":[2],"tags":[],"class_list":["post-105956","post","type-post","status-publish","format-standard","has-post-thumbnail","hentry","category-geral"],"_links":{"self":[{"href":"https:\/\/www.caririemacao.com\/1\/wp-json\/wp\/v2\/posts\/105956","targetHints":{"allow":["GET"]}}],"collection":[{"href":"https:\/\/www.caririemacao.com\/1\/wp-json\/wp\/v2\/posts"}],"about":[{"href":"https:\/\/www.caririemacao.com\/1\/wp-json\/wp\/v2\/types\/post"}],"author":[{"embeddable":true,"href":"https:\/\/www.caririemacao.com\/1\/wp-json\/wp\/v2\/users\/1"}],"replies":[{"embeddable":true,"href":"https:\/\/www.caririemacao.com\/1\/wp-json\/wp\/v2\/comments?post=105956"}],"version-history":[{"count":1,"href":"https:\/\/www.caririemacao.com\/1\/wp-json\/wp\/v2\/posts\/105956\/revisions"}],"predecessor-version":[{"id":105958,"href":"https:\/\/www.caririemacao.com\/1\/wp-json\/wp\/v2\/posts\/105956\/revisions\/105958"}],"wp:featuredmedia":[{"embeddable":true,"href":"https:\/\/www.caririemacao.com\/1\/wp-json\/wp\/v2\/media\/105957"}],"wp:attachment":[{"href":"https:\/\/www.caririemacao.com\/1\/wp-json\/wp\/v2\/media?parent=105956"}],"wp:term":[{"taxonomy":"category","embeddable":true,"href":"https:\/\/www.caririemacao.com\/1\/wp-json\/wp\/v2\/categories?post=105956"},{"taxonomy":"post_tag","embeddable":true,"href":"https:\/\/www.caririemacao.com\/1\/wp-json\/wp\/v2\/tags?post=105956"}],"curies":[{"name":"wp","href":"https:\/\/api.w.org\/{rel}","templated":true}]}}