{"id":105983,"date":"2019-07-22T11:19:15","date_gmt":"2019-07-22T14:19:15","guid":{"rendered":"http:\/\/www.caririemacao.com\/1\/?p=105983"},"modified":"2019-07-22T11:19:15","modified_gmt":"2019-07-22T14:19:15","slug":"bolsonaro-publica-video-em-que-samuka-duarte-diz-que-presidente-liberou-emprestimo-a-pb-que-dilma-nao-autorizou","status":"publish","type":"post","link":"https:\/\/www.caririemacao.com\/1\/2019\/07\/22\/bolsonaro-publica-video-em-que-samuka-duarte-diz-que-presidente-liberou-emprestimo-a-pb-que-dilma-nao-autorizou\/","title":{"rendered":"Bolsonaro publica v\u00eddeo em que Samuka Duarte diz que presidente liberou empr\u00e9stimo \u00e0 PB que Dilma n\u00e3o autorizou"},"content":{"rendered":"\n<p>O presidente Jair Bolsonaro (PSL) publicou um v\u00eddeo antigo no Instagram em que o apresentador Samuka Duarte, da TV Correio, fala que a Para\u00edba foi beneficiada com um empr\u00e9stimo liberado pelo gestor federal. A publica\u00e7\u00e3o foi feita nesse domingo (21) como forma de Bolsonaro se defender da acusa\u00e7\u00e3o de hostilidade com o Nordeste.<\/p>\n\n\n\n<figure><iframe data-src=\"https:\/\/www.instagram.com\/p\/B0MleGahqBX\/embed\/captioned\/?cr=1&amp;v=12&amp;wp=540&amp;rd=https%3A%2F%2Fwww.clickpb.com.br&amp;rp=%2Fadmin%2Fportal%2Fportalarticle%2F264430%2F#%7B%22ci%22%3A0%2C%22os%22%3A56339.45499989204%7D\" allowfullscreen=\"true\" height=\"514\" src=\"data:image\/svg+xml;base64,PHN2ZyB3aWR0aD0iMSIgaGVpZ2h0PSIxIiB4bWxucz0iaHR0cDovL3d3dy53My5vcmcvMjAwMC9zdmciPjwvc3ZnPg==\" class=\"lazyload\" data-load-mode=\"1\"><\/iframe><\/figure>\n\n\n\n<p>A pol\u00eamica surgiu ap\u00f3s vazamento de \u00e1udio em que Bolsonaro conversava com Onyx Lorenzoni antes da reuni\u00e3o com jornalistas em Bras\u00edlia, na sexta-feira (19). Com microfones ligados no local do encontro, o presidente foi captado dizendo:&nbsp;&#8220;Daqueles governadores de &#8216;para\u00edba&#8217;, o pior \u00e9 o do Maranh\u00e3o. Tem que ter nada com esse cara.&#8221;<\/p>\n\n\n\n<p>No Instagram, nesse domingo, Bolsonaro publicou o v\u00eddeo com a fala de Samuka, de que o presidente n\u00e3o boicota a Para\u00edba, e p\u00f4s a seguinte legenda: &#8220;Veja como o Presidente Jair Bolsonaro trata a Para\u00edba. &#8211; Criticamos alguns governadores do Nordeste, mas nunca abandonaremos o nosso querido povo nordestino.&#8221;<\/p>\n\n\n\n<figure class=\"wp-block-image\"><img decoding=\"async\" data-src=\"https:\/\/www.clickpb.com.br\/media\/filer_public\/d0\/d2\/d0d27e1b-4f54-41da-9bae-9fa0c3fff658\/bolsonaro_video_samuka_duarte_tv_correio_emprestimo_paraiba.jpg\" alt=\"\" src=\"data:image\/svg+xml;base64,PHN2ZyB3aWR0aD0iMSIgaGVpZ2h0PSIxIiB4bWxucz0iaHR0cDovL3d3dy53My5vcmcvMjAwMC9zdmciPjwvc3ZnPg==\" class=\"lazyload\" \/><\/figure>\n","protected":false},"excerpt":{"rendered":"<p>O presidente Jair Bolsonaro (PSL) publicou um v\u00eddeo antigo no Instagram em que o apresentador Samuka Duarte, da TV Correio, fala que a Para\u00edba foi&hellip; <\/p>\n","protected":false},"author":1,"featured_media":105984,"comment_status":"closed","ping_status":"closed","sticky":false,"template":"","format":"standard","meta":{"sfsi_plus_gutenberg_text_before_share":"","sfsi_plus_gutenberg_show_text_before_share":"","sfsi_plus_gutenberg_icon_type":"","sfsi_plus_gutenberg_icon_alignemt":"","sfsi_plus_gutenburg_max_per_row":"","footnotes":""},"categories":[11],"tags":[],"class_list":["post-105983","post","type-post","status-publish","format-standard","has-post-thumbnail","hentry","category-politica"],"_links":{"self":[{"href":"https:\/\/www.caririemacao.com\/1\/wp-json\/wp\/v2\/posts\/105983","targetHints":{"allow":["GET"]}}],"collection":[{"href":"https:\/\/www.caririemacao.com\/1\/wp-json\/wp\/v2\/posts"}],"about":[{"href":"https:\/\/www.caririemacao.com\/1\/wp-json\/wp\/v2\/types\/post"}],"author":[{"embeddable":true,"href":"https:\/\/www.caririemacao.com\/1\/wp-json\/wp\/v2\/users\/1"}],"replies":[{"embeddable":true,"href":"https:\/\/www.caririemacao.com\/1\/wp-json\/wp\/v2\/comments?post=105983"}],"version-history":[{"count":1,"href":"https:\/\/www.caririemacao.com\/1\/wp-json\/wp\/v2\/posts\/105983\/revisions"}],"predecessor-version":[{"id":105985,"href":"https:\/\/www.caririemacao.com\/1\/wp-json\/wp\/v2\/posts\/105983\/revisions\/105985"}],"wp:featuredmedia":[{"embeddable":true,"href":"https:\/\/www.caririemacao.com\/1\/wp-json\/wp\/v2\/media\/105984"}],"wp:attachment":[{"href":"https:\/\/www.caririemacao.com\/1\/wp-json\/wp\/v2\/media?parent=105983"}],"wp:term":[{"taxonomy":"category","embeddable":true,"href":"https:\/\/www.caririemacao.com\/1\/wp-json\/wp\/v2\/categories?post=105983"},{"taxonomy":"post_tag","embeddable":true,"href":"https:\/\/www.caririemacao.com\/1\/wp-json\/wp\/v2\/tags?post=105983"}],"curies":[{"name":"wp","href":"https:\/\/api.w.org\/{rel}","templated":true}]}}