{"id":105991,"date":"2019-07-22T13:25:30","date_gmt":"2019-07-22T16:25:30","guid":{"rendered":"http:\/\/www.caririemacao.com\/1\/?p=105991"},"modified":"2019-07-22T13:25:30","modified_gmt":"2019-07-22T16:25:30","slug":"prefeito-eden-realiza-audiencias-do-odm-em-jurema-e-nove-casas","status":"publish","type":"post","link":"https:\/\/www.caririemacao.com\/1\/2019\/07\/22\/prefeito-eden-realiza-audiencias-do-odm-em-jurema-e-nove-casas\/","title":{"rendered":"Prefeito \u00c9den realiza audi\u00eancias do ODM em Jurema e Nove Casas"},"content":{"rendered":"\n<p>Mais uma rodada de audi\u00eancias p\u00fablicas do Or\u00e7amento Democr\u00e1tico Municipal de Sum\u00e9 \u2013 Ciclo 2019 &#8211; ocorreu nesse final de semana, nas comunidades rurais de Sum\u00e9. No s\u00e1bado (20), a caravana do ODM esteve na Jurema e no domingo (21) foi a vez das Nove Casas.<br>\nNessas ocasi\u00f5es, o prefeito \u00c9den presta contas de suas a\u00e7\u00f5es, ouve as reivindica\u00e7\u00f5es da popula\u00e7\u00e3o e entrega alguns benef\u00edcios \u00e0s comunidades visitadas. As duas \u00faltimas reuni\u00f5es realizadas ocorreram nas sedes das associa\u00e7\u00f5es locais. <br>\nNa plen\u00e1ria da Jurema, por exemplo, \u00c9den falou principalmente da inaugura\u00e7\u00e3o do consult\u00f3rio odontol\u00f3gico na unidade de sa\u00fade da comunidade e das melhorias sanit\u00e1rias, tendo entregue tr\u00eas banheiros domiciliares nesta primeira etapa, beneficiando tr\u00eas fam\u00edlias do S\u00edtio Agreste. Segundo ele, cerca de 50 km de estradas s\u00e3o recapeadas, a cada ano, somente na regi\u00e3o da Jurema.<br>\nHelenildo Torres foi o conselheiro eleito que vai representar as demandas da Jurema, junto \u00e0 gest\u00e3o municipal, priorizadas no ODM. Entre as a\u00e7\u00f5es consideradas priorit\u00e1rias para a comunidade est\u00e3o: abastecimento de \u00e1gua, infraestrutura, estradas e rodagens.<br>\nPor onde passa, a primeira edi\u00e7\u00e3o do Or\u00e7amento Democr\u00e1tico tem chamado \u00e0 aten\u00e7\u00e3o de todos os presentes, pela sua estrutura, organiza\u00e7\u00e3o e principalmente pelo seu car\u00e1ter democr\u00e1tico.<br>\nNas Nove Casas, \u00c9den destacou algumas a\u00e7\u00f5es que o governo municipal vem realizando ao longo de dois anos, como as melhorias na sede da Associa\u00e7\u00e3o e reforma no sistema de abastecimento d\u2019\u00e1gua, que atende as localidades de: Tr\u00eas Casas, Seis Casas, Nove Casas e Lajinha. <br>\nO prefeito fez ainda a entrega de um po\u00e7o com vaz\u00e3o de 2.400 litros\/horas. O reservat\u00f3rio, com capacidade tr\u00eas vezes mais que o anterior, abastecer\u00e1 por meio de adutora, resid\u00eancias, posto de sa\u00fade e a sede da associa\u00e7\u00e3o. Atrav\u00e9s de chafariz, ele servir\u00e1 \u00e0s demais comunidades. <br>\nO morador, Marcel Ara\u00fajo, foi o conselheiro eleito na plen\u00e1ria das Nove Casas.<br>\nAs plen\u00e1rias desse final de semana contaram tamb\u00e9m com as presen\u00e7as dos secret\u00e1rios municipais, do vice-prefeito Dr\u00f3 e dos vereadores: Ant\u00f4nio Carlos Sarmento, Bomba, Daniel L\u00eala e Nilson Brito.  <br>\nAscom<\/p>\n","protected":false},"excerpt":{"rendered":"<p>Mais uma rodada de audi\u00eancias p\u00fablicas do Or\u00e7amento Democr\u00e1tico Municipal de Sum\u00e9 \u2013 Ciclo 2019 &#8211; ocorreu nesse final de semana, nas comunidades rurais de&hellip; <\/p>\n","protected":false},"author":1,"featured_media":105992,"comment_status":"closed","ping_status":"closed","sticky":false,"template":"","format":"standard","meta":{"sfsi_plus_gutenberg_text_before_share":"","sfsi_plus_gutenberg_show_text_before_share":"","sfsi_plus_gutenberg_icon_type":"","sfsi_plus_gutenberg_icon_alignemt":"","sfsi_plus_gutenburg_max_per_row":"","footnotes":""},"categories":[6,50],"tags":[],"class_list":["post-105991","post","type-post","status-publish","format-standard","has-post-thumbnail","hentry","category-cidades","category-destaque"],"_links":{"self":[{"href":"https:\/\/www.caririemacao.com\/1\/wp-json\/wp\/v2\/posts\/105991","targetHints":{"allow":["GET"]}}],"collection":[{"href":"https:\/\/www.caririemacao.com\/1\/wp-json\/wp\/v2\/posts"}],"about":[{"href":"https:\/\/www.caririemacao.com\/1\/wp-json\/wp\/v2\/types\/post"}],"author":[{"embeddable":true,"href":"https:\/\/www.caririemacao.com\/1\/wp-json\/wp\/v2\/users\/1"}],"replies":[{"embeddable":true,"href":"https:\/\/www.caririemacao.com\/1\/wp-json\/wp\/v2\/comments?post=105991"}],"version-history":[{"count":1,"href":"https:\/\/www.caririemacao.com\/1\/wp-json\/wp\/v2\/posts\/105991\/revisions"}],"predecessor-version":[{"id":105993,"href":"https:\/\/www.caririemacao.com\/1\/wp-json\/wp\/v2\/posts\/105991\/revisions\/105993"}],"wp:featuredmedia":[{"embeddable":true,"href":"https:\/\/www.caririemacao.com\/1\/wp-json\/wp\/v2\/media\/105992"}],"wp:attachment":[{"href":"https:\/\/www.caririemacao.com\/1\/wp-json\/wp\/v2\/media?parent=105991"}],"wp:term":[{"taxonomy":"category","embeddable":true,"href":"https:\/\/www.caririemacao.com\/1\/wp-json\/wp\/v2\/categories?post=105991"},{"taxonomy":"post_tag","embeddable":true,"href":"https:\/\/www.caririemacao.com\/1\/wp-json\/wp\/v2\/tags?post=105991"}],"curies":[{"name":"wp","href":"https:\/\/api.w.org\/{rel}","templated":true}]}}