{"id":106002,"date":"2019-07-22T13:34:46","date_gmt":"2019-07-22T16:34:46","guid":{"rendered":"http:\/\/www.caririemacao.com\/1\/?p=106002"},"modified":"2019-07-22T13:34:46","modified_gmt":"2019-07-22T16:34:46","slug":"caminhoneiros-encerram-protestos-apos-governo-suspender-tabela","status":"publish","type":"post","link":"https:\/\/www.caririemacao.com\/1\/2019\/07\/22\/caminhoneiros-encerram-protestos-apos-governo-suspender-tabela\/","title":{"rendered":"Caminhoneiros encerram protestos ap\u00f3s governo suspender tabela"},"content":{"rendered":"\n<div class=\"wp-block-image\"><figure class=\"aligncenter\"><img decoding=\"async\" data-src=\"http:\/\/deolhonocariri.com.br\/wp-content\/uploads\/2019\/07\/protesto_caminhoneiros.jpg\" alt=\"\" class=\"wp-image-69418 lazyload\" src=\"data:image\/svg+xml;base64,PHN2ZyB3aWR0aD0iMSIgaGVpZ2h0PSIxIiB4bWxucz0iaHR0cDovL3d3dy53My5vcmcvMjAwMC9zdmciPjwvc3ZnPg==\" \/><\/figure><\/div>\n\n\n\n<p>Os caminhoneiros que realizavam manifesta\u00e7\u00e3o na Para\u00edba contra a nova tabela de frente, nesta segunda-feira (22), decidiram encerrar a manifesta\u00e7\u00e3o ap\u00f3s o governo garantir que suspender\u00e1 medida em vigor desde o \u00faltimo s\u00e1bado (20). A informa\u00e7\u00e3o foi confirmada pela assessoria da Pol\u00edcia Federal (PRF) no in\u00edcio da tarde de hoje.<\/p>\n\n\n\n<p>\u201cAten\u00e7\u00e3o! As lideran\u00e7as do movimento na Para\u00edba acabam de informar que est\u00e1 suspenso o movimento\u201d, diz nota.<\/p>\n\n\n\n<p>O motivo para suspender a paralisa\u00e7\u00e3o seria as tratativas e compromissos firmados entre a categoria e o ministro da Infraestrutura, Tarc\u00edsio de Freitas.<\/p>\n\n\n\n<p>Ainda de acordo com PRF, os protestos estavam ocorrendo no Km 152, da BR-230, e Km 130, da BR-104, em Campina Grande, no Agreste do Estado.<\/p>\n\n\n\n<p>Em ambos os pontos de protestos, os carros de passeio eram liberados, mas os caminh\u00f5es estavam sendo parados em posto de combust\u00edvel \u00e0s margens das rodovias. Entretanto, de acordo com a PRF, as vias n\u00e3o estavam bloqueadas.<\/p>\n\n\n\n<p><em>Com MaisPB<\/em><\/p>\n","protected":false},"excerpt":{"rendered":"<p>Os caminhoneiros que realizavam manifesta\u00e7\u00e3o na Para\u00edba contra a nova tabela de frente, nesta segunda-feira (22), decidiram encerrar a manifesta\u00e7\u00e3o ap\u00f3s o governo garantir que&hellip; <\/p>\n","protected":false},"author":1,"featured_media":52214,"comment_status":"closed","ping_status":"closed","sticky":false,"template":"","format":"standard","meta":{"sfsi_plus_gutenberg_text_before_share":"","sfsi_plus_gutenberg_show_text_before_share":"","sfsi_plus_gutenberg_icon_type":"","sfsi_plus_gutenberg_icon_alignemt":"","sfsi_plus_gutenburg_max_per_row":"","footnotes":""},"categories":[2],"tags":[],"class_list":["post-106002","post","type-post","status-publish","format-standard","has-post-thumbnail","hentry","category-geral"],"_links":{"self":[{"href":"https:\/\/www.caririemacao.com\/1\/wp-json\/wp\/v2\/posts\/106002","targetHints":{"allow":["GET"]}}],"collection":[{"href":"https:\/\/www.caririemacao.com\/1\/wp-json\/wp\/v2\/posts"}],"about":[{"href":"https:\/\/www.caririemacao.com\/1\/wp-json\/wp\/v2\/types\/post"}],"author":[{"embeddable":true,"href":"https:\/\/www.caririemacao.com\/1\/wp-json\/wp\/v2\/users\/1"}],"replies":[{"embeddable":true,"href":"https:\/\/www.caririemacao.com\/1\/wp-json\/wp\/v2\/comments?post=106002"}],"version-history":[{"count":1,"href":"https:\/\/www.caririemacao.com\/1\/wp-json\/wp\/v2\/posts\/106002\/revisions"}],"predecessor-version":[{"id":106003,"href":"https:\/\/www.caririemacao.com\/1\/wp-json\/wp\/v2\/posts\/106002\/revisions\/106003"}],"wp:featuredmedia":[{"embeddable":true,"href":"https:\/\/www.caririemacao.com\/1\/wp-json\/wp\/v2\/media\/52214"}],"wp:attachment":[{"href":"https:\/\/www.caririemacao.com\/1\/wp-json\/wp\/v2\/media?parent=106002"}],"wp:term":[{"taxonomy":"category","embeddable":true,"href":"https:\/\/www.caririemacao.com\/1\/wp-json\/wp\/v2\/categories?post=106002"},{"taxonomy":"post_tag","embeddable":true,"href":"https:\/\/www.caririemacao.com\/1\/wp-json\/wp\/v2\/tags?post=106002"}],"curies":[{"name":"wp","href":"https:\/\/api.w.org\/{rel}","templated":true}]}}