{"id":106010,"date":"2019-07-22T15:31:04","date_gmt":"2019-07-22T18:31:04","guid":{"rendered":"http:\/\/www.caririemacao.com\/1\/?p=106010"},"modified":"2019-07-22T15:31:04","modified_gmt":"2019-07-22T18:31:04","slug":"homologadas-inscricoes-de-candidatos-a-conselheiros-tutelares-em-monteiro","status":"publish","type":"post","link":"https:\/\/www.caririemacao.com\/1\/2019\/07\/22\/homologadas-inscricoes-de-candidatos-a-conselheiros-tutelares-em-monteiro\/","title":{"rendered":"Homologadas inscri\u00e7\u00f5es de candidatos a Conselheiros Tutelares em Monteiro"},"content":{"rendered":"\n<div class=\"wp-block-image\"><figure class=\"alignleft\"><img decoding=\"async\" data-src=\"https:\/\/i1.wp.com\/www.vitrinedocariri.com.br\/wp-content\/uploads\/2019\/01\/conselho_tutelar.jpg?zoom=2&amp;resize=330%2C191&amp;ssl=1\" alt=\"\" class=\"wp-image-32247 lazyload\" src=\"data:image\/svg+xml;base64,PHN2ZyB3aWR0aD0iMSIgaGVpZ2h0PSIxIiB4bWxucz0iaHR0cDovL3d3dy53My5vcmcvMjAwMC9zdmciPjwvc3ZnPg==\" \/><\/figure><\/div>\n\n\n\n<p>Foram homologadas as inscri\u00e7\u00f5es dos candidatos a conselheiro tutelar em Monteiro. No total catorze nomes est\u00e3o confirmados e aptos a concorrer ao pleito. A informa\u00e7\u00e3o \u00e9 do presidente do Conselho Municipal dos Direitos da Crian\u00e7a e do Adolescente Cristiano Rufino, que adianta que os membros do Conselho Tutelar para os pr\u00f3ximos quatro anos ser\u00e3o escolhidos pelo voto facultativo e secreto no dia 6 de outubro.Conhe\u00e7a os nomes e n\u00fameros dos candidatos:\u201cLUCAS MARQUES DE SOUSA- N\u00ba 01 (APTO);<br>\u201cRODRIGO LEAL DE LIMA- N\u00ba 02 (APTO);<br>\u201cGILV\u00c2NIA TEIXEIRA LISBOA- N\u00ba 03 (APTO);<br>\u201cEDJANE DA SILVA LOPES \u2013 N\u00ba 05 (APTO);<br>\u201cMARCILIA BATISTA LEITE \u2013 N\u00ba 06 (APTO);<br>\u201cARLEYSON RODRIGUES DA SILVA- N\u00ba 07 (APTO);<br>\u201cROSANE MARIA DE SANTA CRUZ \u2013 N\u00ba 09 (APTO);<br>\u201cELISANGELA DE ANDRADE SILVA- N\u00ba 10 (APTO);<br>\u201cPEDRO PAULO BESERRA- N\u00ba 11 (APTO);<br>\u201cMARIA DAS DORES ALVES DA SILVA- N\u00ba 12 (APTO);<br>\u201cMARIA DO SOCORRO SILVA DOS SANTOS \u2013 N\u00ba 13 (APTO);<br>\u201cBENICIO SANTIAGO DA SILVA OLIVEIRA- N\u00ba 14 (APTO);<br>\u201d LE\u00d4NIDAS GALV\u00c3O JUNIOR \u2013 N\u00ba 15 (APTO);<br>\u201cRINALDA RODRIGUES DE PAIVA SILVA- N\u00ba 16 (APTO)A lista pode ser conferida, juntamente com demais informa\u00e7\u00f5es atrav\u00e9s do link:&nbsp;<a href=\"https:\/\/www.monteiro.pb.gov.br\/portal\/legislacao\/edital\/homologacao-do-registro-das-inscricoes-do-processo-unificado-de-escolha-de-conselheiros-tutelares\" target=\"_blank\" rel=\"noreferrer noopener\">https:\/\/www.monteiro.pb.gov.br\/portal\/legislacao\/edital\/homologacao-do-registro-das-inscricoes-do-processo-unificado-de-escolha-de-conselheiros-tutelares<\/a>O Conselho Tutelar foi criado com o Estatuto da Crian\u00e7a e do Adolescente (ECA), institu\u00eddo pela Lei 8.069, em 13\/07\/1990. \u00c9 um \u00f3rg\u00e3o municipal respons\u00e1vel por zelar pelos direitos da crian\u00e7a e do adolescente.Formado por membros eleitos pela comunidade, o Conselho Tutelar \u00e9 um \u00f3rg\u00e3o permanente (uma vez criado n\u00e3o pode ser extinto), possui autonomia funcional, ou seja, n\u00e3o \u00e9 subordinado a qualquer outro \u00f3rg\u00e3o estatal e conta com apoio administrativo da Secretaria de Desenvolvimento Social de Monteiro.O Conselho Tutelar deve ser acionado sempre que se perceba abuso ou situa\u00e7\u00f5es de risco contra a crian\u00e7a ou o adolescente, como por exemplo, em casos de viol\u00eancia f\u00edsica ou emocional.<\/p>\n","protected":false},"excerpt":{"rendered":"<p>Foram homologadas as inscri\u00e7\u00f5es dos candidatos a conselheiro tutelar em Monteiro. No total catorze nomes est\u00e3o confirmados e aptos a concorrer ao pleito. A informa\u00e7\u00e3o&hellip; <\/p>\n","protected":false},"author":1,"featured_media":1124,"comment_status":"closed","ping_status":"closed","sticky":false,"template":"","format":"standard","meta":{"sfsi_plus_gutenberg_text_before_share":"","sfsi_plus_gutenberg_show_text_before_share":"","sfsi_plus_gutenberg_icon_type":"","sfsi_plus_gutenberg_icon_alignemt":"","sfsi_plus_gutenburg_max_per_row":"","footnotes":""},"categories":[2],"tags":[],"class_list":["post-106010","post","type-post","status-publish","format-standard","has-post-thumbnail","hentry","category-geral"],"_links":{"self":[{"href":"https:\/\/www.caririemacao.com\/1\/wp-json\/wp\/v2\/posts\/106010","targetHints":{"allow":["GET"]}}],"collection":[{"href":"https:\/\/www.caririemacao.com\/1\/wp-json\/wp\/v2\/posts"}],"about":[{"href":"https:\/\/www.caririemacao.com\/1\/wp-json\/wp\/v2\/types\/post"}],"author":[{"embeddable":true,"href":"https:\/\/www.caririemacao.com\/1\/wp-json\/wp\/v2\/users\/1"}],"replies":[{"embeddable":true,"href":"https:\/\/www.caririemacao.com\/1\/wp-json\/wp\/v2\/comments?post=106010"}],"version-history":[{"count":1,"href":"https:\/\/www.caririemacao.com\/1\/wp-json\/wp\/v2\/posts\/106010\/revisions"}],"predecessor-version":[{"id":106011,"href":"https:\/\/www.caririemacao.com\/1\/wp-json\/wp\/v2\/posts\/106010\/revisions\/106011"}],"wp:featuredmedia":[{"embeddable":true,"href":"https:\/\/www.caririemacao.com\/1\/wp-json\/wp\/v2\/media\/1124"}],"wp:attachment":[{"href":"https:\/\/www.caririemacao.com\/1\/wp-json\/wp\/v2\/media?parent=106010"}],"wp:term":[{"taxonomy":"category","embeddable":true,"href":"https:\/\/www.caririemacao.com\/1\/wp-json\/wp\/v2\/categories?post=106010"},{"taxonomy":"post_tag","embeddable":true,"href":"https:\/\/www.caririemacao.com\/1\/wp-json\/wp\/v2\/tags?post=106010"}],"curies":[{"name":"wp","href":"https:\/\/api.w.org\/{rel}","templated":true}]}}