{"id":106016,"date":"2019-07-22T16:44:18","date_gmt":"2019-07-22T19:44:18","guid":{"rendered":"http:\/\/www.caririemacao.com\/1\/?p=106016"},"modified":"2019-07-22T16:44:18","modified_gmt":"2019-07-22T19:44:18","slug":"quase-60-dos-paraibanos-aprovam-gestao-de-joao-e-somente-28-o-governo-bolsonaro","status":"publish","type":"post","link":"https:\/\/www.caririemacao.com\/1\/2019\/07\/22\/quase-60-dos-paraibanos-aprovam-gestao-de-joao-e-somente-28-o-governo-bolsonaro\/","title":{"rendered":"Quase 60% dos paraibanos aprovam gest\u00e3o de Jo\u00e3o e somente 28% o governo Bolsonaro"},"content":{"rendered":"\n<p>Empossado no dia 1\u00ba de janeiro de 2019, o governador Jo\u00e3o Azevedo j\u00e1 conquistou em seis meses de exerc\u00edcio a aprova\u00e7\u00e3o da maioria da popula\u00e7\u00e3o paraibana. \u00c9 o que revelam os n\u00fameros da pesquisa do Instituto Opini\u00e3o, divulgados com o exclusividade pelo Sistema Arapuan de Comunica\u00e7\u00e3o nesta segunda, 22.<\/p>\n\n\n\n<p>Segundo a pesquisa, 58,7% dos paraibanos aprovam o governo de Jo\u00e3o Azevedo. J\u00e1 o primeiro semestre do presidente Jair Bolsonaro, de acordo com os n\u00fameros da pesquisa, s\u00f3 convenceu 28% dos paraibanos. O Instituto Opini\u00e3o ouviu 1.300 entrevistados, divididos em 50 cidades da Para\u00edba, entre os dias 14, 15 e 16 de julho.<\/p>\n\n\n\n<p>O presidente Jair Bolsonaro, ao participar de um evento em S\u00e3o Paulo, em junho \u2014 Foto: Alan Santos\/PR<br>A gest\u00e3o do governador Jo\u00e3o Azevedo obteve 44,6% de \u00d3TIMO e BOM e apenas 12,2% de RUIM e P\u00c9SSIMO. Com quase 60% de aprova\u00e7\u00e3o, a gest\u00e3o do atual governador obteve 19,4% da desaprova\u00e7\u00e3o. Um \u00edndice bem abaixo do registrado em desfavor do novo presidente. De acordo com a pesquisa, 61,2% desaprovam a gest\u00e3o de Jair Bolsonaro. Ele obteve pouco mais de 50% de RUIM e P\u00c9SSIMO.<\/p>\n\n\n\n<p>Jo\u00e3o Azevedo conquistou a maioria em todas as quatro macro regi\u00f5es da Para\u00edba. Os n\u00fameros da Pesquisa apontam que a maior aprova\u00e7\u00e3o do governo Jo\u00e3o Azevedo foi registrada na regi\u00e3o da Zona da Mata, onde est\u00e3o inseridos os munic\u00edpios da Grande Jo\u00e3o Pessoa: 67,1% disseram que aprovam a gest\u00e3o do governador socialista. No Sert\u00e3o, a aprova\u00e7\u00e3o foi de 57,1%; Agreste, 52% e Borborema, 51,5%.<\/p>\n","protected":false},"excerpt":{"rendered":"<p>Empossado no dia 1\u00ba de janeiro de 2019, o governador Jo\u00e3o Azevedo j\u00e1 conquistou em seis meses de exerc\u00edcio a aprova\u00e7\u00e3o da maioria da popula\u00e7\u00e3o&hellip; <\/p>\n","protected":false},"author":1,"featured_media":106017,"comment_status":"closed","ping_status":"closed","sticky":false,"template":"","format":"standard","meta":{"sfsi_plus_gutenberg_text_before_share":"","sfsi_plus_gutenberg_show_text_before_share":"","sfsi_plus_gutenberg_icon_type":"","sfsi_plus_gutenberg_icon_alignemt":"","sfsi_plus_gutenburg_max_per_row":"","footnotes":""},"categories":[11],"tags":[],"class_list":["post-106016","post","type-post","status-publish","format-standard","has-post-thumbnail","hentry","category-politica"],"_links":{"self":[{"href":"https:\/\/www.caririemacao.com\/1\/wp-json\/wp\/v2\/posts\/106016","targetHints":{"allow":["GET"]}}],"collection":[{"href":"https:\/\/www.caririemacao.com\/1\/wp-json\/wp\/v2\/posts"}],"about":[{"href":"https:\/\/www.caririemacao.com\/1\/wp-json\/wp\/v2\/types\/post"}],"author":[{"embeddable":true,"href":"https:\/\/www.caririemacao.com\/1\/wp-json\/wp\/v2\/users\/1"}],"replies":[{"embeddable":true,"href":"https:\/\/www.caririemacao.com\/1\/wp-json\/wp\/v2\/comments?post=106016"}],"version-history":[{"count":1,"href":"https:\/\/www.caririemacao.com\/1\/wp-json\/wp\/v2\/posts\/106016\/revisions"}],"predecessor-version":[{"id":106018,"href":"https:\/\/www.caririemacao.com\/1\/wp-json\/wp\/v2\/posts\/106016\/revisions\/106018"}],"wp:featuredmedia":[{"embeddable":true,"href":"https:\/\/www.caririemacao.com\/1\/wp-json\/wp\/v2\/media\/106017"}],"wp:attachment":[{"href":"https:\/\/www.caririemacao.com\/1\/wp-json\/wp\/v2\/media?parent=106016"}],"wp:term":[{"taxonomy":"category","embeddable":true,"href":"https:\/\/www.caririemacao.com\/1\/wp-json\/wp\/v2\/categories?post=106016"},{"taxonomy":"post_tag","embeddable":true,"href":"https:\/\/www.caririemacao.com\/1\/wp-json\/wp\/v2\/tags?post=106016"}],"curies":[{"name":"wp","href":"https:\/\/api.w.org\/{rel}","templated":true}]}}