{"id":106033,"date":"2019-07-22T17:06:34","date_gmt":"2019-07-22T20:06:34","guid":{"rendered":"http:\/\/www.caririemacao.com\/1\/?p=106033"},"modified":"2019-07-22T17:06:34","modified_gmt":"2019-07-22T20:06:34","slug":"inscricoes-para-servidores-trabalharem-no-enem-2019-terminam-nesta-segunda","status":"publish","type":"post","link":"https:\/\/www.caririemacao.com\/1\/2019\/07\/22\/inscricoes-para-servidores-trabalharem-no-enem-2019-terminam-nesta-segunda\/","title":{"rendered":"Inscri\u00e7\u00f5es para servidores trabalharem no Enem 2019 terminam nesta segunda"},"content":{"rendered":"\n<p>Hoje (22) \u00e9 o \u00faltimo dia para que servidores p\u00fablicos federais e professores da rede p\u00fablica estadual ou municipal interessados em trabalhar no Exame Nacional do Ensino M\u00e9dio (Enem) se inscrevam junto ao Instituto Nacional de Estudos e Pesquisas Educacionais An\u00edsio Teixeira (Inep).&nbsp;<\/p>\n\n\n\n<p>A oportunidade \u00e9 para atua\u00e7\u00e3o na Rede Nacional de Certificadores (RNC) do Enem, nos dois domingos de aplica\u00e7\u00e3o, nos dias 3 e 10 de novembro. Os certificadores atuam como representantes do Inep em todos os locais de prova e s\u00e3o respons\u00e1veis por conferir v\u00e1rios procedimentos.&nbsp;<\/p>\n\n\n\n<p>O valor pago \u00e9 de R$ 342 por dia, o que equivale a R$ 28,50 por hora de trabalho.<\/p>\n\n\n\n<p>Os interessados precisam cumprir alguns crit\u00e9rios antes de se inscreverem pela internet,&nbsp;<a href=\"https:\/\/certificadores.inep.gov.br\/\">no Sistema RNC<\/a>&nbsp;ou pelo aplicativo da Rede. Al\u00e9m de serem servidores p\u00fablicos do Executivo, em exerc\u00edcio, ou professores da rede p\u00fablica, precisam ter forma\u00e7\u00e3o m\u00ednima de n\u00edvel m\u00e9dio; n\u00e3o estar inscritos, nem terem parentes inscritos, no Enem 2019; e, n\u00e3o terem v\u00ednculo com qualquer atividade do Enem ou do Inep.&nbsp;<\/p>\n\n\n\n<p>Segundo o Inep, todos os inscritos que atenderem aos crit\u00e9rios ser\u00e3o convocados para uma capacita\u00e7\u00e3o a dist\u00e2ncia.&nbsp;<\/p>\n\n\n\n<p>Aqueles que obtiverem a nota m\u00ednima exigida estar\u00e3o aptos a atuar como certificadores do Enem. As demandas de trabalho s\u00e3o emitidas na semana da prova, de acordo com a necessidade do Inep para cada local de prova.&nbsp;<\/p>\n\n\n\n<p>Em 2019, o Enem ser\u00e1 aplicado em 1.728 munic\u00edpios.<\/p>\n","protected":false},"excerpt":{"rendered":"<p>Hoje (22) \u00e9 o \u00faltimo dia para que servidores p\u00fablicos federais e professores da rede p\u00fablica estadual ou municipal interessados em trabalhar no Exame Nacional&hellip; <\/p>\n","protected":false},"author":1,"featured_media":106034,"comment_status":"closed","ping_status":"closed","sticky":false,"template":"","format":"standard","meta":{"sfsi_plus_gutenberg_text_before_share":"","sfsi_plus_gutenberg_show_text_before_share":"","sfsi_plus_gutenberg_icon_type":"","sfsi_plus_gutenberg_icon_alignemt":"","sfsi_plus_gutenburg_max_per_row":"","footnotes":""},"categories":[2],"tags":[],"class_list":["post-106033","post","type-post","status-publish","format-standard","has-post-thumbnail","hentry","category-geral"],"_links":{"self":[{"href":"https:\/\/www.caririemacao.com\/1\/wp-json\/wp\/v2\/posts\/106033","targetHints":{"allow":["GET"]}}],"collection":[{"href":"https:\/\/www.caririemacao.com\/1\/wp-json\/wp\/v2\/posts"}],"about":[{"href":"https:\/\/www.caririemacao.com\/1\/wp-json\/wp\/v2\/types\/post"}],"author":[{"embeddable":true,"href":"https:\/\/www.caririemacao.com\/1\/wp-json\/wp\/v2\/users\/1"}],"replies":[{"embeddable":true,"href":"https:\/\/www.caririemacao.com\/1\/wp-json\/wp\/v2\/comments?post=106033"}],"version-history":[{"count":1,"href":"https:\/\/www.caririemacao.com\/1\/wp-json\/wp\/v2\/posts\/106033\/revisions"}],"predecessor-version":[{"id":106035,"href":"https:\/\/www.caririemacao.com\/1\/wp-json\/wp\/v2\/posts\/106033\/revisions\/106035"}],"wp:featuredmedia":[{"embeddable":true,"href":"https:\/\/www.caririemacao.com\/1\/wp-json\/wp\/v2\/media\/106034"}],"wp:attachment":[{"href":"https:\/\/www.caririemacao.com\/1\/wp-json\/wp\/v2\/media?parent=106033"}],"wp:term":[{"taxonomy":"category","embeddable":true,"href":"https:\/\/www.caririemacao.com\/1\/wp-json\/wp\/v2\/categories?post=106033"},{"taxonomy":"post_tag","embeddable":true,"href":"https:\/\/www.caririemacao.com\/1\/wp-json\/wp\/v2\/tags?post=106033"}],"curies":[{"name":"wp","href":"https:\/\/api.w.org\/{rel}","templated":true}]}}