{"id":106038,"date":"2019-07-22T17:10:56","date_gmt":"2019-07-22T20:10:56","guid":{"rendered":"http:\/\/www.caririemacao.com\/1\/?p=106038"},"modified":"2019-07-22T17:10:56","modified_gmt":"2019-07-22T20:10:56","slug":"governo-anuncia-bloqueio-de-r-144-bilhao-em-gastos-no-orcamento","status":"publish","type":"post","link":"https:\/\/www.caririemacao.com\/1\/2019\/07\/22\/governo-anuncia-bloqueio-de-r-144-bilhao-em-gastos-no-orcamento\/","title":{"rendered":"Governo anuncia bloqueio de R$ 1,44 bilh\u00e3o em gastos no or\u00e7amento"},"content":{"rendered":"\n<p>Depois de revisar para baixo a expectativa de crescimento da economia neste ano, o Minist\u00e9rio da Economia anunciou nesta segunda-feira (22) um novo bloqueio de gastos de R$ 1,44 bilh\u00e3o no or\u00e7amento deste ano.<\/p>\n\n\n\n<p>O objetivo da \u00e1rea econ\u00f4mica, ao conter despesas na pe\u00e7a or\u00e7ament\u00e1ria, \u00e9 tentar atingir a meta de um d\u00e9ficit prim\u00e1rio (despesas maiores do que receitas, sem contar juros da d\u00edvida p\u00fablica) de at\u00e9 R$ 139 bilh\u00f5es fixada para este ano. Ou seja, para o cumprimento da meta fiscal de 2019, de deficit prim\u00e1rio de R$ 139 bilh\u00f5es, seria necess\u00e1rio cortar R$ 2,25 bilh\u00f5es, mas a equipe econ\u00f4mica optou por usar R$ 809 milh\u00f5es da reserva or\u00e7ament\u00e1ria e evitar um&nbsp;bloqueio maior.<\/p>\n\n\n\n<p><strong>Entre os gastos n\u00e3o obrigat\u00f3rios, afetados pelos bloqueios, est\u00e3o:<\/strong><br><\/p>\n\n\n\n<ul class=\"wp-block-list\"><li>Investimentos em infraestrutura;<\/li><li>A\u00e7\u00f5es de defesa agropecu\u00e1ria;<\/li><li>Bolsas do CNPq;<\/li><li>Concess\u00e3o de bolsas de estudo (Capes);<\/li><li>Pronatec;<\/li><li>Emiss\u00e3o de passaportes;<\/li><li>Farm\u00e1cia popular;<\/li><li>Fiscaliza\u00e7\u00e3o ambiental (Ibama);<\/li><li>Bolsas para atletas;<\/li><li>Aquisi\u00e7\u00e3o e distribui\u00e7\u00e3o de alimentos para agricultura familiar;<\/li><li>Despesas administrativas do governo (\u00e1gua, energia el\u00e9trica, servi\u00e7os terceirizados).<\/li><\/ul>\n\n\n\n<p>Nesse domingo (20), o presidente Bolsonaro j\u00e1 havia alertado que poderia ser feito um novo contingenciamento, no valor de R$ 2,5 bilh\u00f5es.&nbsp;O crescimento menor da economia gera uma arrecada\u00e7\u00e3o de impostos menor que a prevista. Isso faz com que o governo tenha mais dificuldade para cumprir a meta fiscal. Por isso, o governo bloqueia despesas no or\u00e7amento.<br><\/p>\n\n\n\n<p>O bloqueio anunciado nesta segunda-feira s\u00f3 n\u00e3o foi maior porque o governo utilizou a parte de uma chamada &#8220;reserva or\u00e7ament\u00e1ria&#8221; \u2013 ou seja, valores que ainda n\u00e3o haviam sido liberados para gastos. Foram utilizados R$ 809 milh\u00f5es dessa reserva.<\/p>\n\n\n\n<p>A medida foi anunciada durante a divulga\u00e7\u00e3o do Relat\u00f3rio Bimestral de Avalia\u00e7\u00e3o de Receitas e Despesas referente ao 3\u00ba bimestre.&nbsp;<br><\/p>\n\n\n\n<p>A proje\u00e7\u00e3o de arrecada\u00e7\u00e3o para 2019 caiu R$ 5,96 bilh\u00f5es. No 2\u00ba bimestre, a estimativa para a receita l\u00edquida era de R$ 1,270 trilh\u00e3o. Passou agora para R$ 1,264 trilh\u00e3o. Ao mesmo tempo, as proje\u00e7\u00f5es para as despesas ca\u00edram R$ 3,47 bilh\u00f5es, ao passarem de R$ 1,409 trilh\u00e3o para R$ 1,405 trilh\u00e3o.<\/p>\n","protected":false},"excerpt":{"rendered":"<p>Depois de revisar para baixo a expectativa de crescimento da economia neste ano, o Minist\u00e9rio da Economia anunciou nesta segunda-feira (22) um novo bloqueio de&hellip; <\/p>\n","protected":false},"author":1,"featured_media":106039,"comment_status":"closed","ping_status":"closed","sticky":false,"template":"","format":"standard","meta":{"sfsi_plus_gutenberg_text_before_share":"","sfsi_plus_gutenberg_show_text_before_share":"","sfsi_plus_gutenberg_icon_type":"","sfsi_plus_gutenberg_icon_alignemt":"","sfsi_plus_gutenburg_max_per_row":"","footnotes":""},"categories":[11],"tags":[],"class_list":["post-106038","post","type-post","status-publish","format-standard","has-post-thumbnail","hentry","category-politica"],"_links":{"self":[{"href":"https:\/\/www.caririemacao.com\/1\/wp-json\/wp\/v2\/posts\/106038","targetHints":{"allow":["GET"]}}],"collection":[{"href":"https:\/\/www.caririemacao.com\/1\/wp-json\/wp\/v2\/posts"}],"about":[{"href":"https:\/\/www.caririemacao.com\/1\/wp-json\/wp\/v2\/types\/post"}],"author":[{"embeddable":true,"href":"https:\/\/www.caririemacao.com\/1\/wp-json\/wp\/v2\/users\/1"}],"replies":[{"embeddable":true,"href":"https:\/\/www.caririemacao.com\/1\/wp-json\/wp\/v2\/comments?post=106038"}],"version-history":[{"count":1,"href":"https:\/\/www.caririemacao.com\/1\/wp-json\/wp\/v2\/posts\/106038\/revisions"}],"predecessor-version":[{"id":106040,"href":"https:\/\/www.caririemacao.com\/1\/wp-json\/wp\/v2\/posts\/106038\/revisions\/106040"}],"wp:featuredmedia":[{"embeddable":true,"href":"https:\/\/www.caririemacao.com\/1\/wp-json\/wp\/v2\/media\/106039"}],"wp:attachment":[{"href":"https:\/\/www.caririemacao.com\/1\/wp-json\/wp\/v2\/media?parent=106038"}],"wp:term":[{"taxonomy":"category","embeddable":true,"href":"https:\/\/www.caririemacao.com\/1\/wp-json\/wp\/v2\/categories?post=106038"},{"taxonomy":"post_tag","embeddable":true,"href":"https:\/\/www.caririemacao.com\/1\/wp-json\/wp\/v2\/tags?post=106038"}],"curies":[{"name":"wp","href":"https:\/\/api.w.org\/{rel}","templated":true}]}}