{"id":106045,"date":"2019-07-22T17:15:04","date_gmt":"2019-07-22T20:15:04","guid":{"rendered":"http:\/\/www.caririemacao.com\/1\/?p=106045"},"modified":"2019-07-22T17:15:04","modified_gmt":"2019-07-22T20:15:04","slug":"numero-de-aprendizes-no-pais-cresce-136-no-primeiro-semestre","status":"publish","type":"post","link":"https:\/\/www.caririemacao.com\/1\/2019\/07\/22\/numero-de-aprendizes-no-pais-cresce-136-no-primeiro-semestre\/","title":{"rendered":"N\u00famero de aprendizes no pa\u00eds cresce 13,6% no primeiro semestre"},"content":{"rendered":"\n<p><br>O n\u00famero de aprendizes encaminhados pelo Centro de Integra\u00e7\u00e3o Empresa-Escola (CIEE) \u00e0s empresas cresceu 13,6% no primeiro semestre deste ano, na compara\u00e7\u00e3o com o mesmo per\u00edodo do ano passado. O total de aprendizes somou 247.679 de janeiro a junho, de acordo com o Boletim Estat\u00edstico do CIEE divulgado nesta segunda-feira (22), em S\u00e3o Paulo. Em rela\u00e7\u00e3o aos estagi\u00e1rios, o total foi 868.468 pessoas encaminhadas, com crescimento de 3,8%.<\/p>\n\n\n\n<p>Nos primeiros seis meses deste ano, de acordo com a pesquisa, 68,8% dos aprendizes eram jovens j\u00e1 formados no ensino m\u00e9dio, enquanto 26% ainda estavam cursando o ensino m\u00e9dio. O estudo revelou tamb\u00e9m que 4,6% dos aprendizes estavam no ensino fundamental. Quanto aos estagi\u00e1rios, 77,4% s\u00e3o do ensino superior, 18,9% do ensino M\u00e9dio e 3,3% do ensino t\u00e9cnico.<\/p>\n\n\n\n<p>A pesquisa apontou que houve alta de 6,6% no n\u00famero de vagas abertas, passando de 203.062 vagas no primeiro semestre de 2018 para 216.462 no mesmo per\u00edodo deste ano. J\u00e1 as contrata\u00e7\u00f5es aumentaram 3%, subindo de 176.028 contratos fechados nos primeiros seis meses de 2018 para 181.248 at\u00e9 junho deste ano.<\/p>\n\n\n\n<p>O estudo mostrou que estudantes do sexo feminino s\u00e3o maioria no mercado, respondendo por 65% das vagas ocupadas de est\u00e1gio e 52,7% das vagas de aprendiz.<\/p>\n\n\n\n<p>Os cursos com maior n\u00famero de estagi\u00e1rios no pa\u00eds s\u00e3o direito, pedagogia, administra\u00e7\u00e3o, ci\u00eancias cont\u00e1beis, engenharia civil, tecnologia em an\u00e1lise e desenvolvimento de sistemas, psicologia, educa\u00e7\u00e3o f\u00edsica, ci\u00eancia da computa\u00e7\u00e3o e arquitetura e urbanismo, nessa ordem.<\/p>\n","protected":false},"excerpt":{"rendered":"<p>O n\u00famero de aprendizes encaminhados pelo Centro de Integra\u00e7\u00e3o Empresa-Escola (CIEE) \u00e0s empresas cresceu 13,6% no primeiro semestre deste ano, na compara\u00e7\u00e3o com o mesmo&hellip; <\/p>\n","protected":false},"author":1,"featured_media":106046,"comment_status":"closed","ping_status":"closed","sticky":false,"template":"","format":"standard","meta":{"sfsi_plus_gutenberg_text_before_share":"","sfsi_plus_gutenberg_show_text_before_share":"","sfsi_plus_gutenberg_icon_type":"","sfsi_plus_gutenberg_icon_alignemt":"","sfsi_plus_gutenburg_max_per_row":"","footnotes":""},"categories":[2],"tags":[],"class_list":["post-106045","post","type-post","status-publish","format-standard","has-post-thumbnail","hentry","category-geral"],"_links":{"self":[{"href":"https:\/\/www.caririemacao.com\/1\/wp-json\/wp\/v2\/posts\/106045","targetHints":{"allow":["GET"]}}],"collection":[{"href":"https:\/\/www.caririemacao.com\/1\/wp-json\/wp\/v2\/posts"}],"about":[{"href":"https:\/\/www.caririemacao.com\/1\/wp-json\/wp\/v2\/types\/post"}],"author":[{"embeddable":true,"href":"https:\/\/www.caririemacao.com\/1\/wp-json\/wp\/v2\/users\/1"}],"replies":[{"embeddable":true,"href":"https:\/\/www.caririemacao.com\/1\/wp-json\/wp\/v2\/comments?post=106045"}],"version-history":[{"count":1,"href":"https:\/\/www.caririemacao.com\/1\/wp-json\/wp\/v2\/posts\/106045\/revisions"}],"predecessor-version":[{"id":106047,"href":"https:\/\/www.caririemacao.com\/1\/wp-json\/wp\/v2\/posts\/106045\/revisions\/106047"}],"wp:featuredmedia":[{"embeddable":true,"href":"https:\/\/www.caririemacao.com\/1\/wp-json\/wp\/v2\/media\/106046"}],"wp:attachment":[{"href":"https:\/\/www.caririemacao.com\/1\/wp-json\/wp\/v2\/media?parent=106045"}],"wp:term":[{"taxonomy":"category","embeddable":true,"href":"https:\/\/www.caririemacao.com\/1\/wp-json\/wp\/v2\/categories?post=106045"},{"taxonomy":"post_tag","embeddable":true,"href":"https:\/\/www.caririemacao.com\/1\/wp-json\/wp\/v2\/tags?post=106045"}],"curies":[{"name":"wp","href":"https:\/\/api.w.org\/{rel}","templated":true}]}}