{"id":106064,"date":"2019-07-22T17:42:17","date_gmt":"2019-07-22T20:42:17","guid":{"rendered":"http:\/\/www.caririemacao.com\/1\/?p=106064"},"modified":"2019-07-22T17:42:17","modified_gmt":"2019-07-22T20:42:17","slug":"mais-de-8-mil-candidatos-faltam-a-aplicacao-de-provas-do-concurso-para-professores-e-gabarito-e-divulgado","status":"publish","type":"post","link":"https:\/\/www.caririemacao.com\/1\/2019\/07\/22\/mais-de-8-mil-candidatos-faltam-a-aplicacao-de-provas-do-concurso-para-professores-e-gabarito-e-divulgado\/","title":{"rendered":"Mais de 8 mil candidatos faltam \u00e0 aplica\u00e7\u00e3o de provas do concurso para professores e gabarito \u00e9 divulgado"},"content":{"rendered":"\n<p>Mais de 8 mil candidatos faltaram \u00e0 aplica\u00e7\u00e3o de prova objetiva do concurso p\u00fablico da Educa\u00e7\u00e3o da Para\u00edba, com 1.000 vagas. As provas foram aplicadas nesse domingo (21) e estavam aptos \u00e0 realiza\u00e7\u00e3o 43.104 inscritos, sendo exatamente 8.303 o n\u00famero de faltosos. A porcentagem, ent\u00e3o, foi de 19,3% ausentes, conforme divulgou o Instituto AOCP, organizador do certame. Os&nbsp;<a href=\"https:\/\/www.clickpb.com.br\/media\/filer_public\/61\/86\/6186b58d-ef79-45a4-8c53-e0f0a5bbcdf2\/gabarito_provas_concurso_educacao_paraiba_210719_aocp.pdf\">gabaritos tamb\u00e9m foram disponibilizados<\/a>.<\/p>\n\n\n\n<p>Os candidatos podem conferir os gabaritos no&nbsp;<a href=\"https:\/\/www.institutoaocp.org.br\/index.html\">site do Instituto AOCP<\/a>. Os interessados poder\u00e3o solicitar recurso contra o gabarito preliminar, a partir da 0h desta ter\u00e7a-feira (23) at\u00e9 \u00e0s 23h59 da quarta-feira (24), tamb\u00e9m pelo site da AOCP.<\/p>\n\n\n\n<p>As provas foram aplicadas nos munic\u00edpios de Cajazeiras, Campina Grande, Catol\u00e9 da Rocha, Cuit\u00e9, Guarabira, Itabaiana, Itaporanga, Jo\u00e3o Pessoa, Mamanguape, Monteiro, Patos, Pombal, Princesa Isabel e Sousa.<\/p>\n\n\n\n<p>Est\u00e3o sendo oferecidas 1.000 (mil) vagas para o cargo efetivo de Professor de Educa\u00e7\u00e3o B\u00e1sica III, da carreira do Magist\u00e9rio Estadual. Desse total, 50 (cinquenta) vagas s\u00e3o destinadas \u00e0s pessoas com defici\u00eancia.<\/p>\n\n\n\n<p>Os aprovados ser\u00e3o nomeados logo ap\u00f3s o resultado final do concurso. O sal\u00e1rio oferecido \u00e9 de R$ 2.110,12 (dois mil cento e dez reais e doze centavos), com carga hor\u00e1ria de 30 horas semanais. Este \u00e9 o quarto concurso p\u00fablico realizado pelo Governo da Para\u00edba para o cargo de Professor de Educa\u00e7\u00e3o B\u00e1sica III, de 2011 at\u00e9 2019, totalizando 5040 vagas ofertadas.<\/p>\n\n\n\n<p>As vagas ofertadas s\u00e3o para 13 disciplinas: Artes (72), Biologia (150), Educa\u00e7\u00e3o F\u00edsica (68), Filosofia (6), F\u00edsica (47), Geografia (72), Hist\u00f3ria (78). L\u00edngua Espanhola (18), L\u00edngua Inglesa (61), L\u00edngua Portuguesa (195), Matem\u00e1tica (199), Qu\u00edmica (28) e Sociologia (6).<\/p>\n","protected":false},"excerpt":{"rendered":"<p>Mais de 8 mil candidatos faltaram \u00e0 aplica\u00e7\u00e3o de prova objetiva do concurso p\u00fablico da Educa\u00e7\u00e3o da Para\u00edba, com 1.000 vagas. As provas foram aplicadas&hellip; <\/p>\n","protected":false},"author":1,"featured_media":106065,"comment_status":"closed","ping_status":"closed","sticky":false,"template":"","format":"standard","meta":{"sfsi_plus_gutenberg_text_before_share":"","sfsi_plus_gutenberg_show_text_before_share":"","sfsi_plus_gutenberg_icon_type":"","sfsi_plus_gutenberg_icon_alignemt":"","sfsi_plus_gutenburg_max_per_row":"","footnotes":""},"categories":[14],"tags":[],"class_list":["post-106064","post","type-post","status-publish","format-standard","has-post-thumbnail","hentry","category-educacao"],"_links":{"self":[{"href":"https:\/\/www.caririemacao.com\/1\/wp-json\/wp\/v2\/posts\/106064","targetHints":{"allow":["GET"]}}],"collection":[{"href":"https:\/\/www.caririemacao.com\/1\/wp-json\/wp\/v2\/posts"}],"about":[{"href":"https:\/\/www.caririemacao.com\/1\/wp-json\/wp\/v2\/types\/post"}],"author":[{"embeddable":true,"href":"https:\/\/www.caririemacao.com\/1\/wp-json\/wp\/v2\/users\/1"}],"replies":[{"embeddable":true,"href":"https:\/\/www.caririemacao.com\/1\/wp-json\/wp\/v2\/comments?post=106064"}],"version-history":[{"count":1,"href":"https:\/\/www.caririemacao.com\/1\/wp-json\/wp\/v2\/posts\/106064\/revisions"}],"predecessor-version":[{"id":106066,"href":"https:\/\/www.caririemacao.com\/1\/wp-json\/wp\/v2\/posts\/106064\/revisions\/106066"}],"wp:featuredmedia":[{"embeddable":true,"href":"https:\/\/www.caririemacao.com\/1\/wp-json\/wp\/v2\/media\/106065"}],"wp:attachment":[{"href":"https:\/\/www.caririemacao.com\/1\/wp-json\/wp\/v2\/media?parent=106064"}],"wp:term":[{"taxonomy":"category","embeddable":true,"href":"https:\/\/www.caririemacao.com\/1\/wp-json\/wp\/v2\/categories?post=106064"},{"taxonomy":"post_tag","embeddable":true,"href":"https:\/\/www.caririemacao.com\/1\/wp-json\/wp\/v2\/tags?post=106064"}],"curies":[{"name":"wp","href":"https:\/\/api.w.org\/{rel}","templated":true}]}}