{"id":106070,"date":"2019-07-22T19:42:13","date_gmt":"2019-07-22T22:42:13","guid":{"rendered":"http:\/\/www.caririemacao.com\/1\/?p=106070"},"modified":"2019-07-22T19:42:13","modified_gmt":"2019-07-22T22:42:13","slug":"sao-jose-dos-cordeiros-promove-semana-do-agricultor-com-diversos-servicos-e-atividades","status":"publish","type":"post","link":"https:\/\/www.caririemacao.com\/1\/2019\/07\/22\/sao-jose-dos-cordeiros-promove-semana-do-agricultor-com-diversos-servicos-e-atividades\/","title":{"rendered":"S\u00e3o Jos\u00e9 dos Cordeiros promove Semana do Agricultor com diversos servi\u00e7os e atividades"},"content":{"rendered":"\n<p>Desta segunda (22) a domingo (28), a Prefeitura de S\u00e3o Jos\u00e9 dos Cordeiros promove a I Semana do Agricultor e oferece ao homem e a mulher do campo v\u00e1rios servi\u00e7os e benef\u00edcios atrav\u00e9s de parcerias com institui\u00e7\u00f5es e por meio de suas v\u00e1rias secretarias. A iniciativa foi criada a partir de uma ideia do prefeito Jefferson Roberto, que compreende a necessidade de levar maior assist\u00eancia do munic\u00edpio \u00e0s popula\u00e7\u00f5es que residem na zona rural, especialmente por serem os pequenos munic\u00edpios formados majoritariamente por territ\u00f3rio rural.<\/p>\n\n\n\n<p>A Semana do Agricultor de S\u00e3o Jos\u00e9 dos Cordeiros come\u00e7a nesta segunda com servi\u00e7o itinerante da Secretaria de Assist\u00eancia Social na zona rural; nesta ter\u00e7a (23) em paralelo a feira livre acontece o Dia da Sa\u00fade do Homem do Campo em parceria da Secretaria de Sa\u00fade com o Senar e corte de cabelo e barba pela Assist\u00eancia Social. Ainda nesta ter\u00e7a-feira, o prefeito Jefferson Roberto assinar\u00e1 em cerim\u00f4nia a quita\u00e7\u00e3o de d\u00e9bitos dos produtores com o Banco do Nordeste, benef\u00edcio garantido de forma pioneira pela gest\u00e3o&nbsp;de S\u00e3o Jos\u00e9 dos Cordeiros a partir de um projeto de autoria do Executivo e aprovado pela C\u00e2mara de Vereadores.<\/p>\n\n\n\n<p>Na quarta-feira (24), as Secretarias de Agricultura e Assist\u00eancia Social junto a EMPAER levar\u00e3o servi\u00e7os itinerantes \u00e0 comunidade do Cardoso. Na quinta-feira (25), ser\u00e1 realizada distribui\u00e7\u00e3o de plantas nativas para os agricultores numa parceria celebrada pela Prefeitura com a UFCG-, campus Sum\u00e9, atrav\u00e9s do LAEB. J\u00e1 no dia 28 de julho, o evento ser\u00e1 encerrado com a Festa do Agricultor no clube municipal.<\/p>\n\n\n\n<p>O prefeito Jefferson Roberto refor\u00e7ou o convite a todos os agricultores para participar das atividades e destacou que tudo foi preparado pensando na realidade e necessidades do homem do campo. \u201cEu fico extremamente feliz quando vejo os servi\u00e7os que ofertamos na zona urbana chegarem \u00e0 zona rural. Isso \u00e9 democratizar o acesso ao poder p\u00fablico e essa \u00e9 nossa miss\u00e3o enquanto gestor\u201d, afirmou o prefeito.<\/p>\n\n\n\n<div class=\"wp-block-image\"><figure class=\"aligncenter\"><img decoding=\"async\" data-src=\"http:\/\/deolhonocariri.com.br\/wp-content\/uploads\/2019\/07\/semana_agricultor_2.jpg\" alt=\"\" class=\"wp-image-69414 lazyload\" src=\"data:image\/svg+xml;base64,PHN2ZyB3aWR0aD0iMSIgaGVpZ2h0PSIxIiB4bWxucz0iaHR0cDovL3d3dy53My5vcmcvMjAwMC9zdmciPjwvc3ZnPg==\" \/><\/figure><\/div>\n","protected":false},"excerpt":{"rendered":"<p>Desta segunda (22) a domingo (28), a Prefeitura de S\u00e3o Jos\u00e9 dos Cordeiros promove a I Semana do Agricultor e oferece ao homem e a&hellip; <\/p>\n","protected":false},"author":1,"featured_media":106071,"comment_status":"closed","ping_status":"closed","sticky":false,"template":"","format":"standard","meta":{"sfsi_plus_gutenberg_text_before_share":"","sfsi_plus_gutenberg_show_text_before_share":"","sfsi_plus_gutenberg_icon_type":"","sfsi_plus_gutenberg_icon_alignemt":"","sfsi_plus_gutenburg_max_per_row":"","footnotes":""},"categories":[2],"tags":[],"class_list":["post-106070","post","type-post","status-publish","format-standard","has-post-thumbnail","hentry","category-geral"],"_links":{"self":[{"href":"https:\/\/www.caririemacao.com\/1\/wp-json\/wp\/v2\/posts\/106070","targetHints":{"allow":["GET"]}}],"collection":[{"href":"https:\/\/www.caririemacao.com\/1\/wp-json\/wp\/v2\/posts"}],"about":[{"href":"https:\/\/www.caririemacao.com\/1\/wp-json\/wp\/v2\/types\/post"}],"author":[{"embeddable":true,"href":"https:\/\/www.caririemacao.com\/1\/wp-json\/wp\/v2\/users\/1"}],"replies":[{"embeddable":true,"href":"https:\/\/www.caririemacao.com\/1\/wp-json\/wp\/v2\/comments?post=106070"}],"version-history":[{"count":1,"href":"https:\/\/www.caririemacao.com\/1\/wp-json\/wp\/v2\/posts\/106070\/revisions"}],"predecessor-version":[{"id":106072,"href":"https:\/\/www.caririemacao.com\/1\/wp-json\/wp\/v2\/posts\/106070\/revisions\/106072"}],"wp:featuredmedia":[{"embeddable":true,"href":"https:\/\/www.caririemacao.com\/1\/wp-json\/wp\/v2\/media\/106071"}],"wp:attachment":[{"href":"https:\/\/www.caririemacao.com\/1\/wp-json\/wp\/v2\/media?parent=106070"}],"wp:term":[{"taxonomy":"category","embeddable":true,"href":"https:\/\/www.caririemacao.com\/1\/wp-json\/wp\/v2\/categories?post=106070"},{"taxonomy":"post_tag","embeddable":true,"href":"https:\/\/www.caririemacao.com\/1\/wp-json\/wp\/v2\/tags?post=106070"}],"curies":[{"name":"wp","href":"https:\/\/api.w.org\/{rel}","templated":true}]}}