{"id":106077,"date":"2019-07-23T07:33:00","date_gmt":"2019-07-23T10:33:00","guid":{"rendered":"http:\/\/www.caririemacao.com\/1\/?p=106077"},"modified":"2019-07-23T07:33:00","modified_gmt":"2019-07-23T10:33:00","slug":"divulgada-lista-preliminar-das-provas-objetivas-do-concurso-do-ifpb","status":"publish","type":"post","link":"https:\/\/www.caririemacao.com\/1\/2019\/07\/23\/divulgada-lista-preliminar-das-provas-objetivas-do-concurso-do-ifpb\/","title":{"rendered":"Divulgada lista preliminar das provas objetivas do concurso do IFPB"},"content":{"rendered":"\n<p>Foi divulgado nesta segunda-feira (22) o resultado preliminar das provas objetivas do concurso do IFPB para o cargo de Professor do Ensino B\u00e1sico, T\u00e9cnico e Tecnol\u00f3gico (EBTT).&nbsp;O certame oferece 90 vagas.<\/p>\n\n\n\n<p><a href=\"http:\/\/www.idecan.org.br\/\">Confira<\/a><\/p>\n\n\n\n<p>\u00c9 poss\u00edvel consultar as listas gerais nas modalidades PCD, negros e ampla concorr\u00eancia, ou se preferir, informar o CPF e fazer a consulta individual.&nbsp;<\/p>\n\n\n\n<p>As provas objetivas foram realizadas no dia 9 de junho com a participa\u00e7\u00e3o de 15.774 candidatos.&nbsp;<\/p>\n\n\n\n<p>Os recursos a este resultado podem ser interpostos nos dias 23 (ter\u00e7a-feira) e 24 (quarta-feira) de julho no portal do IDECAN. A banca organizadora tamb\u00e9m disponibilizou o gabarito definitivo das provas de Docente.&nbsp;<\/p>\n\n\n\n<p>Confira<strong><a href=\"http:\/\/www.idecan.org.br\/concursos\/307\/49_1729013.pdf\">&nbsp;neste link.<\/a><\/strong><\/p>\n\n\n\n<p>O concurso para Professor ter\u00e1 outras etapas importantes.No dia 14 de agosto haver\u00e1 a divulga\u00e7\u00e3o dos candidatos habilitados \u00e0s provas de desempenho que ser\u00e3o aplicadas nas cidades de Cabedelo, Cajazeiras, Campina Grande, Jo\u00e3o Pessoa, Patos e Sousa.&nbsp;<\/p>\n\n\n\n<p>No dia 08 de outubro ser\u00e1 publicado edital de convoca\u00e7\u00e3o dos candidatos habilitados \u00e0s provas de t\u00edtulos. Est\u00e1 prevista ainda no dia 06 de novembro a convoca\u00e7\u00e3o para o procedimento de heteroidentifica\u00e7\u00e3o das pessoas negras.<\/p>\n\n\n\n<p>O resultado final do concurso para Professor est\u00e1 previsto para o dia 22 de novembro.&nbsp;<\/p>\n","protected":false},"excerpt":{"rendered":"<p>Foi divulgado nesta segunda-feira (22) o resultado preliminar das provas objetivas do concurso do IFPB para o cargo de Professor do Ensino B\u00e1sico, T\u00e9cnico e&hellip; <\/p>\n","protected":false},"author":1,"featured_media":106078,"comment_status":"closed","ping_status":"closed","sticky":false,"template":"","format":"standard","meta":{"sfsi_plus_gutenberg_text_before_share":"","sfsi_plus_gutenberg_show_text_before_share":"","sfsi_plus_gutenberg_icon_type":"","sfsi_plus_gutenberg_icon_alignemt":"","sfsi_plus_gutenburg_max_per_row":"","footnotes":""},"categories":[14],"tags":[],"class_list":["post-106077","post","type-post","status-publish","format-standard","has-post-thumbnail","hentry","category-educacao"],"_links":{"self":[{"href":"https:\/\/www.caririemacao.com\/1\/wp-json\/wp\/v2\/posts\/106077","targetHints":{"allow":["GET"]}}],"collection":[{"href":"https:\/\/www.caririemacao.com\/1\/wp-json\/wp\/v2\/posts"}],"about":[{"href":"https:\/\/www.caririemacao.com\/1\/wp-json\/wp\/v2\/types\/post"}],"author":[{"embeddable":true,"href":"https:\/\/www.caririemacao.com\/1\/wp-json\/wp\/v2\/users\/1"}],"replies":[{"embeddable":true,"href":"https:\/\/www.caririemacao.com\/1\/wp-json\/wp\/v2\/comments?post=106077"}],"version-history":[{"count":1,"href":"https:\/\/www.caririemacao.com\/1\/wp-json\/wp\/v2\/posts\/106077\/revisions"}],"predecessor-version":[{"id":106079,"href":"https:\/\/www.caririemacao.com\/1\/wp-json\/wp\/v2\/posts\/106077\/revisions\/106079"}],"wp:featuredmedia":[{"embeddable":true,"href":"https:\/\/www.caririemacao.com\/1\/wp-json\/wp\/v2\/media\/106078"}],"wp:attachment":[{"href":"https:\/\/www.caririemacao.com\/1\/wp-json\/wp\/v2\/media?parent=106077"}],"wp:term":[{"taxonomy":"category","embeddable":true,"href":"https:\/\/www.caririemacao.com\/1\/wp-json\/wp\/v2\/categories?post=106077"},{"taxonomy":"post_tag","embeddable":true,"href":"https:\/\/www.caririemacao.com\/1\/wp-json\/wp\/v2\/tags?post=106077"}],"curies":[{"name":"wp","href":"https:\/\/api.w.org\/{rel}","templated":true}]}}