{"id":106085,"date":"2019-07-23T07:37:03","date_gmt":"2019-07-23T10:37:03","guid":{"rendered":"http:\/\/www.caririemacao.com\/1\/?p=106085"},"modified":"2019-07-23T07:37:03","modified_gmt":"2019-07-23T10:37:03","slug":"terminam-hoje-as-inscricoes-para-o-concurso-da-ufcg-com-36-vagas","status":"publish","type":"post","link":"https:\/\/www.caririemacao.com\/1\/2019\/07\/23\/terminam-hoje-as-inscricoes-para-o-concurso-da-ufcg-com-36-vagas\/","title":{"rendered":"Terminam hoje as inscri\u00e7\u00f5es para o concurso da UFCG com 36 vagas"},"content":{"rendered":"\n<p>A Universidade Federal de Campina Grande (UFCG) inscreve at\u00e9 esta&nbsp;ter\u00e7a-feira (23),&nbsp;para&nbsp;o concurso p\u00fablico com 86 vagas para cargos de t\u00e9cnicos administrativos.&nbsp;Das vagas oferecidas, 36 s\u00e3o para&nbsp;cargos de n\u00edvel m\u00e9dio, t\u00e9cnico e superior.<\/p>\n\n\n\n<p><a href=\"http:\/\/www.in.gov.br\/web\/dou\/-\/edital-n-1-de-27-de-maio-de-2019-145593468\">Confira o edital<\/a><\/p>\n\n\n\n<p>As inscri\u00e7\u00f5es s\u00e3o realizadas exclusivamente pela internet, no&nbsp;<a href=\"http:\/\/comprov.ufcg.edu.br\/\">site da Comiss\u00e3o de Processos Vestibulares (Comprov)<\/a>, com taxas de inscri\u00e7\u00e3o nos valores de R$ 48 (classe C), R$ 61 (classe D) e R$ 104 (classe E).<\/p>\n\n\n\n<p>A aplica\u00e7\u00e3o da prova escrita objetiva est\u00e1 prevista para ser realizada no dia 15 de setembro, nas cidades de Campina Grande, Patos e Cajazeiras, das 9h \u00e0s 12h (hor\u00e1rio local). A divulga\u00e7\u00e3o do resultado final para os cargos sem prova pr\u00e1tica est\u00e1 marcada para o dia 22 de novembro.<\/p>\n\n\n\n<p>De 30 a 31 de novembro, ser\u00e3o realizadas as prova pr\u00e1ticas para os cargos de Tradutor e Int\u00e9rprete de Linguagem de Sinais e de Revisor de Textos Braille.<\/p>\n\n\n\n<p>Para o cargo de T\u00e9cnico em M\u00fasica-Viola, a prova pr\u00e1tica ser\u00e1 realizada em duas etapas: na primeira, o candidato dever\u00e1 gravar e enviar\/entregar, entre os dias 21 e 23 de outubro, a execu\u00e7\u00e3o da pe\u00e7a de confronto Johann Sebastian Bach &#8211; Suite N\u00ba 2 BWV 1007, I- (Prelude e Allemanda), que servir\u00e1 para a Banca Examinadora avaliar a performance do candidato. A execu\u00e7\u00e3o dever\u00e1 ser gravada com o som e a imagem do candidato.&nbsp;<\/p>\n\n\n\n<p>A segunda etapa da prova pr\u00e1tica ser\u00e1 presencial, nos dias 12 e 13 de novembro.<\/p>\n","protected":false},"excerpt":{"rendered":"<p>A Universidade Federal de Campina Grande (UFCG) inscreve at\u00e9 esta&nbsp;ter\u00e7a-feira (23),&nbsp;para&nbsp;o concurso p\u00fablico com 86 vagas para cargos de t\u00e9cnicos administrativos.&nbsp;Das vagas oferecidas, 36 s\u00e3o&hellip; <\/p>\n","protected":false},"author":1,"featured_media":106086,"comment_status":"closed","ping_status":"closed","sticky":false,"template":"","format":"standard","meta":{"sfsi_plus_gutenberg_text_before_share":"","sfsi_plus_gutenberg_show_text_before_share":"","sfsi_plus_gutenberg_icon_type":"","sfsi_plus_gutenberg_icon_alignemt":"","sfsi_plus_gutenburg_max_per_row":"","footnotes":""},"categories":[2],"tags":[],"class_list":["post-106085","post","type-post","status-publish","format-standard","has-post-thumbnail","hentry","category-geral"],"_links":{"self":[{"href":"https:\/\/www.caririemacao.com\/1\/wp-json\/wp\/v2\/posts\/106085","targetHints":{"allow":["GET"]}}],"collection":[{"href":"https:\/\/www.caririemacao.com\/1\/wp-json\/wp\/v2\/posts"}],"about":[{"href":"https:\/\/www.caririemacao.com\/1\/wp-json\/wp\/v2\/types\/post"}],"author":[{"embeddable":true,"href":"https:\/\/www.caririemacao.com\/1\/wp-json\/wp\/v2\/users\/1"}],"replies":[{"embeddable":true,"href":"https:\/\/www.caririemacao.com\/1\/wp-json\/wp\/v2\/comments?post=106085"}],"version-history":[{"count":1,"href":"https:\/\/www.caririemacao.com\/1\/wp-json\/wp\/v2\/posts\/106085\/revisions"}],"predecessor-version":[{"id":106087,"href":"https:\/\/www.caririemacao.com\/1\/wp-json\/wp\/v2\/posts\/106085\/revisions\/106087"}],"wp:featuredmedia":[{"embeddable":true,"href":"https:\/\/www.caririemacao.com\/1\/wp-json\/wp\/v2\/media\/106086"}],"wp:attachment":[{"href":"https:\/\/www.caririemacao.com\/1\/wp-json\/wp\/v2\/media?parent=106085"}],"wp:term":[{"taxonomy":"category","embeddable":true,"href":"https:\/\/www.caririemacao.com\/1\/wp-json\/wp\/v2\/categories?post=106085"},{"taxonomy":"post_tag","embeddable":true,"href":"https:\/\/www.caririemacao.com\/1\/wp-json\/wp\/v2\/tags?post=106085"}],"curies":[{"name":"wp","href":"https:\/\/api.w.org\/{rel}","templated":true}]}}