{"id":106098,"date":"2019-07-23T07:46:18","date_gmt":"2019-07-23T10:46:18","guid":{"rendered":"http:\/\/www.caririemacao.com\/1\/?p=106098"},"modified":"2019-07-23T07:46:18","modified_gmt":"2019-07-23T10:46:18","slug":"governo-estuda-limitar-saques-do-fgts-a-r-500-neste-ano","status":"publish","type":"post","link":"https:\/\/www.caririemacao.com\/1\/2019\/07\/23\/governo-estuda-limitar-saques-do-fgts-a-r-500-neste-ano\/","title":{"rendered":"Governo estuda limitar saques do FGTS a R$ 500 neste ano"},"content":{"rendered":"\n<p>Ap\u00f3s sofrer press\u00f5es do setor da constru\u00e7\u00e3o civil, que teme perder financiamento, o governo deve diminuir os valores inicialmente estudados para a flexibiliza\u00e7\u00e3o dos saques do FGTS. Agora, o valor a ser liberado por trabalhador pode ficar limitado a R$ 500 neste ano.&nbsp;<\/p>\n\n\n\n<p>O minist\u00e9rio da Economia tamb\u00e9m estuda alterar os montantes de libera\u00e7\u00e3o do saldo. O percentual de 35% chegou a ser cogitado para contas com saldo de at\u00e9 R$ 5 mil, mas agora pode ser aplicado para contas com montantes menores.&nbsp;<\/p>\n\n\n\n<p>Outra op\u00e7\u00e3o discutida \u00e9 diminuir at\u00e9 mesmo o limite m\u00e1ximo de saques, de 35%. O n\u00famero chegou a ser comentado pelo ministro da Economia, Paulo Guedes. O tema, de qualquer forma, ainda est\u00e1 em estudo pelo governo.<\/p>\n","protected":false},"excerpt":{"rendered":"<p>Ap\u00f3s sofrer press\u00f5es do setor da constru\u00e7\u00e3o civil, que teme perder financiamento, o governo deve diminuir os valores inicialmente estudados para a flexibiliza\u00e7\u00e3o dos saques&hellip; <\/p>\n","protected":false},"author":1,"featured_media":106099,"comment_status":"closed","ping_status":"closed","sticky":false,"template":"","format":"standard","meta":{"sfsi_plus_gutenberg_text_before_share":"","sfsi_plus_gutenberg_show_text_before_share":"","sfsi_plus_gutenberg_icon_type":"","sfsi_plus_gutenberg_icon_alignemt":"","sfsi_plus_gutenburg_max_per_row":"","footnotes":""},"categories":[11],"tags":[],"class_list":["post-106098","post","type-post","status-publish","format-standard","has-post-thumbnail","hentry","category-politica"],"_links":{"self":[{"href":"https:\/\/www.caririemacao.com\/1\/wp-json\/wp\/v2\/posts\/106098","targetHints":{"allow":["GET"]}}],"collection":[{"href":"https:\/\/www.caririemacao.com\/1\/wp-json\/wp\/v2\/posts"}],"about":[{"href":"https:\/\/www.caririemacao.com\/1\/wp-json\/wp\/v2\/types\/post"}],"author":[{"embeddable":true,"href":"https:\/\/www.caririemacao.com\/1\/wp-json\/wp\/v2\/users\/1"}],"replies":[{"embeddable":true,"href":"https:\/\/www.caririemacao.com\/1\/wp-json\/wp\/v2\/comments?post=106098"}],"version-history":[{"count":1,"href":"https:\/\/www.caririemacao.com\/1\/wp-json\/wp\/v2\/posts\/106098\/revisions"}],"predecessor-version":[{"id":106100,"href":"https:\/\/www.caririemacao.com\/1\/wp-json\/wp\/v2\/posts\/106098\/revisions\/106100"}],"wp:featuredmedia":[{"embeddable":true,"href":"https:\/\/www.caririemacao.com\/1\/wp-json\/wp\/v2\/media\/106099"}],"wp:attachment":[{"href":"https:\/\/www.caririemacao.com\/1\/wp-json\/wp\/v2\/media?parent=106098"}],"wp:term":[{"taxonomy":"category","embeddable":true,"href":"https:\/\/www.caririemacao.com\/1\/wp-json\/wp\/v2\/categories?post=106098"},{"taxonomy":"post_tag","embeddable":true,"href":"https:\/\/www.caririemacao.com\/1\/wp-json\/wp\/v2\/tags?post=106098"}],"curies":[{"name":"wp","href":"https:\/\/api.w.org\/{rel}","templated":true}]}}