{"id":106106,"date":"2019-07-23T08:05:39","date_gmt":"2019-07-23T11:05:39","guid":{"rendered":"http:\/\/www.caririemacao.com\/1\/?p=106106"},"modified":"2019-07-23T08:05:39","modified_gmt":"2019-07-23T11:05:39","slug":"damares-governo-tem-feito-releitura-de-direitos-humanos","status":"publish","type":"post","link":"https:\/\/www.caririemacao.com\/1\/2019\/07\/23\/damares-governo-tem-feito-releitura-de-direitos-humanos\/","title":{"rendered":"Damares: governo tem feito &#8216;releitura&#8217; de direitos humanos"},"content":{"rendered":"\n<p>A ministra da Mulher, da Fam\u00edlia e dos Direitos Humanos, Damares Alves, afirmou hoje (22) que o governo federal tem apresentado \u00e0 sociedade brasileira uma &#8220;releitura sobre o que s\u00e3o direitos humanos&#8221;, por dar voz a pessoas &#8220;invis\u00edveis&#8221;. <\/p>\n\n\n\n<p>A ministra disse que o Poder Executivo tem abolido termos como &#8220;g\u00eanero&#8221; em documentos endere\u00e7ados a organiza\u00e7\u00f5es de defesa de direitos humanos &#8211; inclusive, de \u00e2mbito internacional &#8211; porque a legisla\u00e7\u00e3o brasileira n\u00e3o os utiliza largamente. A decis\u00e3o de abandonar determinadas express\u00f5es foi mencionada pelo presidente Jair Bolsonaro, em sua conta no Twitter, h\u00e1 duas semanas.<\/p>\n\n\n\n<p>A ministra apresentou um balan\u00e7o dos 200 primeiros dias de atua\u00e7\u00e3o na pasta e, na sequ\u00eancia, conversou com jornalistas. Ela informou que o programa Mulher, Viver sem Viol\u00eancia est\u00e1 passando por uma reformula\u00e7\u00e3o, para que tenha quatro modelos diferentes de atendimento a mulheres v\u00edtimas de viol\u00eancia. A mudan\u00e7a tem por objetivo adaptar o carro-chefe do programa, as unidades Casa da Mulher Brasileira, a demandas espec\u00edficas de comunidades.&nbsp;<\/p>\n\n\n\n<p>Segundo Damares, o &#8220;formato gigante&#8221; da Casa da Mulher Brasileira, que foi concebido para abranger atividades multidisciplinares, &#8220;n\u00e3o est\u00e1 satisfazendo as necessidades de algumas regi\u00f5es&#8221;. &#8220;N\u00f3s temos lugares que querem unidade menor. Por exemplo, n\u00f3s temos cidades onde a delegacia [especializada] da mulher funciona muito bem onde est\u00e1, a vara de enfrentamento funciona muito bem no f\u00f3rum. Ent\u00e3o, n\u00e3o precisa de um espa\u00e7o muito grande pra levar toda a rede&#8221;, acrescentou.<\/p>\n\n\n\n<p>Perguntada sobre qual \u00e9 o or\u00e7amento que deseja para o pr\u00f3ximo ano, a ministra informou que o valor ideal \u00e9 de R$ 1 bilh\u00e3o. Atualmente, frisou, disp\u00f5e de cerca de R$ 250 milh\u00f5es.<\/p>\n\n\n\n<p>A ministra avalia que quadruplicar a quantia \u00e9 necess\u00e1rio para que possa manter seu planejamento, que inclui, por exemplo, o fornecimento de cisternas a comunidades tradicionais. No total, a pasta prometeu entregar cisternas a 3.757 fam\u00edlias do Semi\u00e1rido, at\u00e9 setembro. Os habitantes concentram-se em seis estados &#8211; Bahia, Cear\u00e1, Minas Gerais, Para\u00edba, Pernambuco e Piau\u00ed &#8211; e regi\u00f5es onde \u00e9 detectada a car\u00eancia de infraestrutura b\u00e1sica de acesso \u00e0 \u00e1gua.<\/p>\n\n\n\n<p>Uma das comunidades beneficiadas \u00e9 a Kalunga, que vive no munic\u00edpio de Cavalcante (GO). Segundo Damares, duas das 140 cisternas prometidas j\u00e1 foram entregues.<\/p>\n","protected":false},"excerpt":{"rendered":"<p>A ministra da Mulher, da Fam\u00edlia e dos Direitos Humanos, Damares Alves, afirmou hoje (22) que o governo federal tem apresentado \u00e0 sociedade brasileira uma&hellip; <\/p>\n","protected":false},"author":1,"featured_media":106107,"comment_status":"closed","ping_status":"closed","sticky":false,"template":"","format":"standard","meta":{"sfsi_plus_gutenberg_text_before_share":"","sfsi_plus_gutenberg_show_text_before_share":"","sfsi_plus_gutenberg_icon_type":"","sfsi_plus_gutenberg_icon_alignemt":"","sfsi_plus_gutenburg_max_per_row":"","footnotes":""},"categories":[11],"tags":[],"class_list":["post-106106","post","type-post","status-publish","format-standard","has-post-thumbnail","hentry","category-politica"],"_links":{"self":[{"href":"https:\/\/www.caririemacao.com\/1\/wp-json\/wp\/v2\/posts\/106106","targetHints":{"allow":["GET"]}}],"collection":[{"href":"https:\/\/www.caririemacao.com\/1\/wp-json\/wp\/v2\/posts"}],"about":[{"href":"https:\/\/www.caririemacao.com\/1\/wp-json\/wp\/v2\/types\/post"}],"author":[{"embeddable":true,"href":"https:\/\/www.caririemacao.com\/1\/wp-json\/wp\/v2\/users\/1"}],"replies":[{"embeddable":true,"href":"https:\/\/www.caririemacao.com\/1\/wp-json\/wp\/v2\/comments?post=106106"}],"version-history":[{"count":1,"href":"https:\/\/www.caririemacao.com\/1\/wp-json\/wp\/v2\/posts\/106106\/revisions"}],"predecessor-version":[{"id":106108,"href":"https:\/\/www.caririemacao.com\/1\/wp-json\/wp\/v2\/posts\/106106\/revisions\/106108"}],"wp:featuredmedia":[{"embeddable":true,"href":"https:\/\/www.caririemacao.com\/1\/wp-json\/wp\/v2\/media\/106107"}],"wp:attachment":[{"href":"https:\/\/www.caririemacao.com\/1\/wp-json\/wp\/v2\/media?parent=106106"}],"wp:term":[{"taxonomy":"category","embeddable":true,"href":"https:\/\/www.caririemacao.com\/1\/wp-json\/wp\/v2\/categories?post=106106"},{"taxonomy":"post_tag","embeddable":true,"href":"https:\/\/www.caririemacao.com\/1\/wp-json\/wp\/v2\/tags?post=106106"}],"curies":[{"name":"wp","href":"https:\/\/api.w.org\/{rel}","templated":true}]}}