{"id":106114,"date":"2019-07-23T08:09:31","date_gmt":"2019-07-23T11:09:31","guid":{"rendered":"http:\/\/www.caririemacao.com\/1\/?p=106114"},"modified":"2019-07-23T08:09:31","modified_gmt":"2019-07-23T11:09:31","slug":"bolsonaro-comemora-queda-no-risco-pais","status":"publish","type":"post","link":"https:\/\/www.caririemacao.com\/1\/2019\/07\/23\/bolsonaro-comemora-queda-no-risco-pais\/","title":{"rendered":"Bolsonaro comemora queda no risco pa\u00eds"},"content":{"rendered":"\n<p>O presidente Jair Bolsonaro comemorou na noite desta segunda-feira (22) em publica\u00e7\u00e3o em sua conta oficial no Twitter a queda no Credit Default Swap (CDS), \u00edndice que mede o risco pa\u00eds, do Brasil. O CDS chegou a 128 pontos, \u00edndice que, segundo o presidente, \u00e9 o menor patamar em cinco anos e que indica a &#8220;recupera\u00e7\u00e3o da confian\u00e7a de investidores internacionais no Brasil.&#8221;<\/p>\n\n\n\n<p>&#8220;Junto a avan\u00e7os como ingresso na OCDE e acordo Mercosul-UE, estamos colocando o Brasil no lugar que merece&#8221;, acrescentou Bolsonaro em sua postagem.<\/p>\n\n\n\n<figure class=\"wp-block-image\"><a href=\"https:\/\/twitter.com\/jairbolsonaro\"><img decoding=\"async\" data-src=\"https:\/\/pbs.twimg.com\/profile_images\/1057631480459886595\/9VPdGJJz_bigger.jpg\" alt=\"\" src=\"data:image\/svg+xml;base64,PHN2ZyB3aWR0aD0iMSIgaGVpZ2h0PSIxIiB4bWxucz0iaHR0cDovL3d3dy53My5vcmcvMjAwMC9zdmciPjwvc3ZnPg==\" class=\"lazyload\" \/><\/a><\/figure>\n\n\n\n<p><a href=\"https:\/\/twitter.com\/jairbolsonaro\"><strong>Jair M. Bolsonaro<\/strong><strong>&#x2714;<\/strong>@jairbolsonaro<\/a><a href=\"https:\/\/twitter.com\/jairbolsonaro\/status\/1153497279329984512\"><\/a><\/p>\n\n\n\n<figure class=\"wp-block-image\"><img decoding=\"async\" data-src=\"https:\/\/abs.twimg.com\/emoji\/v2\/72x72\/1f1e7-1f1f7.png\" alt=\"&#x1f1e7;&#x1f1f7;\" src=\"data:image\/svg+xml;base64,PHN2ZyB3aWR0aD0iMSIgaGVpZ2h0PSIxIiB4bWxucz0iaHR0cDovL3d3dy53My5vcmcvMjAwMC9zdmciPjwvc3ZnPg==\" class=\"lazyload\" \/><\/figure>\n\n\n\n<p>O Credit Default Swap (CDS), \u00edndice que mede o risco pa\u00eds, chegou ao menor patamar em 5 anos, indicando recupera\u00e7\u00e3o da confian\u00e7a de investidores internacionais no Brasil. Junto a avan\u00e7os como ingresso na OCDE e acordo Mercosul-UE, estamos colocando o Brasil no lugar que merece <a href=\"https:\/\/twitter.com\/intent\/like?tweet_id=1153497279329984512\">18.7K<\/a><a href=\"https:\/\/twitter.com\/jairbolsonaro\/status\/1153497279329984512\">11:49 PM &#8211; Jul 22, 2019<\/a><a href=\"https:\/\/support.twitter.com\/articles\/20175256\">Twitter Ads info and privacy<\/a><a href=\"https:\/\/twitter.com\/jairbolsonaro\/status\/1153497279329984512\">4,371 people are talking about this<br><\/a><\/p>\n","protected":false},"excerpt":{"rendered":"<p>O presidente Jair Bolsonaro comemorou na noite desta segunda-feira (22) em publica\u00e7\u00e3o em sua conta oficial no Twitter a queda no Credit Default Swap (CDS),&hellip; <\/p>\n","protected":false},"author":1,"featured_media":105984,"comment_status":"closed","ping_status":"closed","sticky":false,"template":"","format":"standard","meta":{"sfsi_plus_gutenberg_text_before_share":"","sfsi_plus_gutenberg_show_text_before_share":"","sfsi_plus_gutenberg_icon_type":"","sfsi_plus_gutenberg_icon_alignemt":"","sfsi_plus_gutenburg_max_per_row":"","footnotes":""},"categories":[11],"tags":[],"class_list":["post-106114","post","type-post","status-publish","format-standard","has-post-thumbnail","hentry","category-politica"],"_links":{"self":[{"href":"https:\/\/www.caririemacao.com\/1\/wp-json\/wp\/v2\/posts\/106114","targetHints":{"allow":["GET"]}}],"collection":[{"href":"https:\/\/www.caririemacao.com\/1\/wp-json\/wp\/v2\/posts"}],"about":[{"href":"https:\/\/www.caririemacao.com\/1\/wp-json\/wp\/v2\/types\/post"}],"author":[{"embeddable":true,"href":"https:\/\/www.caririemacao.com\/1\/wp-json\/wp\/v2\/users\/1"}],"replies":[{"embeddable":true,"href":"https:\/\/www.caririemacao.com\/1\/wp-json\/wp\/v2\/comments?post=106114"}],"version-history":[{"count":1,"href":"https:\/\/www.caririemacao.com\/1\/wp-json\/wp\/v2\/posts\/106114\/revisions"}],"predecessor-version":[{"id":106115,"href":"https:\/\/www.caririemacao.com\/1\/wp-json\/wp\/v2\/posts\/106114\/revisions\/106115"}],"wp:featuredmedia":[{"embeddable":true,"href":"https:\/\/www.caririemacao.com\/1\/wp-json\/wp\/v2\/media\/105984"}],"wp:attachment":[{"href":"https:\/\/www.caririemacao.com\/1\/wp-json\/wp\/v2\/media?parent=106114"}],"wp:term":[{"taxonomy":"category","embeddable":true,"href":"https:\/\/www.caririemacao.com\/1\/wp-json\/wp\/v2\/categories?post=106114"},{"taxonomy":"post_tag","embeddable":true,"href":"https:\/\/www.caririemacao.com\/1\/wp-json\/wp\/v2\/tags?post=106114"}],"curies":[{"name":"wp","href":"https:\/\/api.w.org\/{rel}","templated":true}]}}