{"id":106120,"date":"2019-07-23T08:14:56","date_gmt":"2019-07-23T11:14:56","guid":{"rendered":"http:\/\/www.caririemacao.com\/1\/?p=106120"},"modified":"2019-07-23T08:14:56","modified_gmt":"2019-07-23T11:14:56","slug":"bolsonaro-nao-quer-impedir-divulgacao-de-dados-do-inpe-diz-porta-voz","status":"publish","type":"post","link":"https:\/\/www.caririemacao.com\/1\/2019\/07\/23\/bolsonaro-nao-quer-impedir-divulgacao-de-dados-do-inpe-diz-porta-voz\/","title":{"rendered":"Bolsonaro n\u00e3o quer impedir divulga\u00e7\u00e3o de dados do Inpe, diz porta-voz"},"content":{"rendered":"\n<p><br>O porta-voz do Pal\u00e1cio do Planalto, Ot\u00e1vio R\u00eago Barros, disse hoje (22) que o presidente Jair Bolsonaro n\u00e3o tem o objetivo de impedir a divulga\u00e7\u00e3o de dados sobre desmatamento florestal pelo Instituto Nacional de Pesquisas Espaciais (Inpe). Segundo ele, a ideia \u00e9 identificar previamente as a\u00e7\u00f5es para lidar com eventuais problemas apontados pelo \u00f3rg\u00e3o.&nbsp;<\/p>\n\n\n\n<p>&#8220;O Planalto sempre trabalha pelo princ\u00edpio da transpar\u00eancia. A inten\u00e7\u00e3o do senhor presidente \u00e9 identificar, desde pronto, o relat\u00f3rio, quais s\u00e3o as demandas e quais s\u00e3o as a\u00e7\u00f5es prospectivas para corrigir, se for o caso, ou para potencializar eventuais dados que ali ocorram no relat\u00f3rio&#8221;, disse a jornalistas, em coletiva de imprensa.<\/p>\n\n\n\n<p>Mais cedo, o presidente Jair Bolsonaro disse que a divulga\u00e7\u00e3o de informa\u00e7\u00f5es ambientais diretamente pelo Inpe prejudica o pa\u00eds em negocia\u00e7\u00f5es comerciais conduzidas pelo governo brasileiro com outros pa\u00edses. Ele chegou a mencionar o acordo fechado recentemente&nbsp;<a href=\"http:\/\/agenciabrasil.ebc.com.br\/politica\/noticia\/2019-06\/mercosul-e-ue-fecham-maior-acordo-entre-blocos-do-mundo\" target=\"_blank\" rel=\"noreferrer noopener\">entre o Mercosul e a Uni\u00e3o Europeia<\/a>, em que salvaguardas ambientais podem ser acionadas para bloquear eventuais redu\u00e7\u00e3o de tarifas comerciais.<\/p>\n\n\n\n<p>&#8220;A quest\u00e3o ambiental, o mundo todo leva em conta. Outros pa\u00edses que estamos negociando a quest\u00e3o do Mercosul, ou at\u00e9 acordos bilaterais, nos dificulta com a divulga\u00e7\u00e3o desses dados. Temos que ter responsabilidade&#8221;, disse o presidente a jornalistas, depois de participar de um almo\u00e7o com oficiais da Aeron\u00e1utica, nesta segunda-feira, em Bras\u00edlia.&nbsp;<\/p>\n\n\n\n<p>O presidente vem desde o fim de semana criticando a divulga\u00e7\u00e3o de dados de desmatamento. Ele chegou a questionar a validade dos n\u00fameros na \u00faltima sexta-feira (19), em caf\u00e9 da manh\u00e3 com correspondentes internacionais. &#8220;Com toda a devasta\u00e7\u00e3o que voc\u00eas nos acusam de estar fazendo e de ter feito no passado, a Amaz\u00f4nia j\u00e1 teria se extinguido&#8221;, disse Bolsonaro.<\/p>\n\n\n\n<p>Segundo dados divulgados pelo Inpe no in\u00edcio deste m\u00eas, o desmatamento na Amaz\u00f4nia Legal brasileira atingiu 920,4 quil\u00f4metros quadrados em junho, um aumento de 88% em compara\u00e7\u00e3o com o mesmo per\u00edodo do ano passado.<\/p>\n\n\n\n<p>Em nota, o ministro da Ci\u00eancia e Tecnologia, Marcos Pontes, disse nesta segunda-feira que tem &#8220;grande apre\u00e7o&#8221; pelo Inpe, mas compartilha da &#8220;estranheza expressa pelo nosso presidente Bolsonaro quanto \u00e0 varia\u00e7\u00e3o percentual dos \u00faltimos resultados na s\u00e9rie hist\u00f3rica&#8221;. Segundo Pontes, a pasta &#8220;est\u00e1 solicitando ao Inpe um relat\u00f3rio t\u00e9cnico completo contendo os resultados da s\u00e9rie hist\u00f3rica dos \u00faltimos 24 meses, assim como informa\u00e7\u00f5es detalhadas sobre os dados brutos, a metodologia aplicada e quaisquer altera\u00e7\u00f5es significativas desses fatores no per\u00edodo&#8221;.&nbsp;<\/p>\n\n\n\n<p>O diretor do Inpe, Ricardo Galv\u00e3o, tamb\u00e9m foi convidado pelo minist\u00e9rio para &#8220;esclarecimentos e orienta\u00e7\u00f5es&#8221;. Ap\u00f3s a fala de Bolsonaro a correspondentes internacionais, Galv\u00e3o criticou o presidente, em entrevista ao jornal&nbsp;<em>O Estado de S. Paulo<\/em>, ao dizer que ele fez &#8220;acusa\u00e7\u00f5es indevidas a pessoas do mais alto n\u00edvel da ci\u00eancia brasileira&#8221;. Ele ainda reafirmou a validade cient\u00edfica dos dados do instituto, que monitora \u00e1reas florestais desde a d\u00e9cada de 1970.<\/p>\n","protected":false},"excerpt":{"rendered":"<p>O porta-voz do Pal\u00e1cio do Planalto, Ot\u00e1vio R\u00eago Barros, disse hoje (22) que o presidente Jair Bolsonaro n\u00e3o tem o objetivo de impedir a divulga\u00e7\u00e3o&hellip; <\/p>\n","protected":false},"author":1,"featured_media":106121,"comment_status":"closed","ping_status":"closed","sticky":false,"template":"","format":"standard","meta":{"sfsi_plus_gutenberg_text_before_share":"","sfsi_plus_gutenberg_show_text_before_share":"","sfsi_plus_gutenberg_icon_type":"","sfsi_plus_gutenberg_icon_alignemt":"","sfsi_plus_gutenburg_max_per_row":"","footnotes":""},"categories":[11],"tags":[],"class_list":["post-106120","post","type-post","status-publish","format-standard","has-post-thumbnail","hentry","category-politica"],"_links":{"self":[{"href":"https:\/\/www.caririemacao.com\/1\/wp-json\/wp\/v2\/posts\/106120","targetHints":{"allow":["GET"]}}],"collection":[{"href":"https:\/\/www.caririemacao.com\/1\/wp-json\/wp\/v2\/posts"}],"about":[{"href":"https:\/\/www.caririemacao.com\/1\/wp-json\/wp\/v2\/types\/post"}],"author":[{"embeddable":true,"href":"https:\/\/www.caririemacao.com\/1\/wp-json\/wp\/v2\/users\/1"}],"replies":[{"embeddable":true,"href":"https:\/\/www.caririemacao.com\/1\/wp-json\/wp\/v2\/comments?post=106120"}],"version-history":[{"count":1,"href":"https:\/\/www.caririemacao.com\/1\/wp-json\/wp\/v2\/posts\/106120\/revisions"}],"predecessor-version":[{"id":106122,"href":"https:\/\/www.caririemacao.com\/1\/wp-json\/wp\/v2\/posts\/106120\/revisions\/106122"}],"wp:featuredmedia":[{"embeddable":true,"href":"https:\/\/www.caririemacao.com\/1\/wp-json\/wp\/v2\/media\/106121"}],"wp:attachment":[{"href":"https:\/\/www.caririemacao.com\/1\/wp-json\/wp\/v2\/media?parent=106120"}],"wp:term":[{"taxonomy":"category","embeddable":true,"href":"https:\/\/www.caririemacao.com\/1\/wp-json\/wp\/v2\/categories?post=106120"},{"taxonomy":"post_tag","embeddable":true,"href":"https:\/\/www.caririemacao.com\/1\/wp-json\/wp\/v2\/tags?post=106120"}],"curies":[{"name":"wp","href":"https:\/\/api.w.org\/{rel}","templated":true}]}}