{"id":106126,"date":"2019-07-23T08:20:11","date_gmt":"2019-07-23T11:20:11","guid":{"rendered":"http:\/\/www.caririemacao.com\/1\/?p=106126"},"modified":"2019-07-23T08:20:11","modified_gmt":"2019-07-23T11:20:11","slug":"previsao-do-tempo-para-esta-terca-feira-em-toda-paraiba-12","status":"publish","type":"post","link":"https:\/\/www.caririemacao.com\/1\/2019\/07\/23\/previsao-do-tempo-para-esta-terca-feira-em-toda-paraiba-12\/","title":{"rendered":"Previs\u00e3o do tempo para esta ter\u00e7a-feira em toda Para\u00edba"},"content":{"rendered":"\n<p>A presen\u00e7a de nebulosidade do tipo baixa no setor leste do Estado, associado ao transporte de umidade oriunda do oceano Atl\u00e2ntico em dire\u00e7\u00e3o \u00e0 costa leste do Nordeste, trazidas pelos ventos em baixos n\u00edveis da atmosfera (ventos al\u00edsios). Com isso, o tempo dever\u00e1 permanecer com nebulosidade vari\u00e1vel e possibilidade de chuvas esparsas nas regi\u00f5es do Agreste, Brejo e Litoral.<\/p>\n\n\n\n<div class=\"wp-block-image\"><figure class=\"aligncenter\"><img decoding=\"async\" data-src=\"https:\/\/paraibaonline.com.br\/wp-content\/uploads\/2019\/07\/tempo2307.jpg\" alt=\"\" class=\"wp-image-753304 lazyload\" src=\"data:image\/svg+xml;base64,PHN2ZyB3aWR0aD0iMSIgaGVpZ2h0PSIxIiB4bWxucz0iaHR0cDovL3d3dy53My5vcmcvMjAwMC9zdmciPjwvc3ZnPg==\" \/><\/figure><\/div>\n","protected":false},"excerpt":{"rendered":"<p>A presen\u00e7a de nebulosidade do tipo baixa no setor leste do Estado, associado ao transporte de umidade oriunda do oceano Atl\u00e2ntico em dire\u00e7\u00e3o \u00e0 costa&hellip; <\/p>\n","protected":false},"author":1,"featured_media":106127,"comment_status":"closed","ping_status":"closed","sticky":false,"template":"","format":"standard","meta":{"sfsi_plus_gutenberg_text_before_share":"","sfsi_plus_gutenberg_show_text_before_share":"","sfsi_plus_gutenberg_icon_type":"","sfsi_plus_gutenberg_icon_alignemt":"","sfsi_plus_gutenburg_max_per_row":"","footnotes":""},"categories":[6],"tags":[],"class_list":["post-106126","post","type-post","status-publish","format-standard","has-post-thumbnail","hentry","category-cidades"],"_links":{"self":[{"href":"https:\/\/www.caririemacao.com\/1\/wp-json\/wp\/v2\/posts\/106126","targetHints":{"allow":["GET"]}}],"collection":[{"href":"https:\/\/www.caririemacao.com\/1\/wp-json\/wp\/v2\/posts"}],"about":[{"href":"https:\/\/www.caririemacao.com\/1\/wp-json\/wp\/v2\/types\/post"}],"author":[{"embeddable":true,"href":"https:\/\/www.caririemacao.com\/1\/wp-json\/wp\/v2\/users\/1"}],"replies":[{"embeddable":true,"href":"https:\/\/www.caririemacao.com\/1\/wp-json\/wp\/v2\/comments?post=106126"}],"version-history":[{"count":1,"href":"https:\/\/www.caririemacao.com\/1\/wp-json\/wp\/v2\/posts\/106126\/revisions"}],"predecessor-version":[{"id":106128,"href":"https:\/\/www.caririemacao.com\/1\/wp-json\/wp\/v2\/posts\/106126\/revisions\/106128"}],"wp:featuredmedia":[{"embeddable":true,"href":"https:\/\/www.caririemacao.com\/1\/wp-json\/wp\/v2\/media\/106127"}],"wp:attachment":[{"href":"https:\/\/www.caririemacao.com\/1\/wp-json\/wp\/v2\/media?parent=106126"}],"wp:term":[{"taxonomy":"category","embeddable":true,"href":"https:\/\/www.caririemacao.com\/1\/wp-json\/wp\/v2\/categories?post=106126"},{"taxonomy":"post_tag","embeddable":true,"href":"https:\/\/www.caririemacao.com\/1\/wp-json\/wp\/v2\/tags?post=106126"}],"curies":[{"name":"wp","href":"https:\/\/api.w.org\/{rel}","templated":true}]}}