{"id":106134,"date":"2019-07-23T08:33:56","date_gmt":"2019-07-23T11:33:56","guid":{"rendered":"http:\/\/www.caririemacao.com\/1\/?p=106134"},"modified":"2019-07-23T08:33:56","modified_gmt":"2019-07-23T11:33:56","slug":"4-em-10-dizem-que-bolsonaro-nao-fez-nada-de-positivo","status":"publish","type":"post","link":"https:\/\/www.caririemacao.com\/1\/2019\/07\/23\/4-em-10-dizem-que-bolsonaro-nao-fez-nada-de-positivo\/","title":{"rendered":"4 em 10 dizem que Bolsonaro n\u00e3o fez nada de positivo"},"content":{"rendered":"\n<p>Para 4 a cada 10 brasileiros, o presidente Jair Bolsonaro (PSL) n\u00e3o fez nada de muito positivo ou que mere\u00e7a destaque em seus seis meses de governo. O cen\u00e1rio est\u00e1 em levantamento do Datafolha feito nos dias 4 e 5 de julho.<\/p>\n\n\n\n<p>Incitados a responder livremente (n\u00e3o foram dadas op\u00e7\u00f5es) o que o presidente teria feito de melhor at\u00e9 ent\u00e3o, 39% dos entrevistados responderam &#8220;nada&#8221;.<\/p>\n\n\n\n<p>Esse percentual sobe para 45% entre mulheres e pessoas com apenas o ensino fundamental, para 46% entre negros, para 47% no Nordeste, para 52% entre adeptos de religi\u00f5es de matrizes africanas e para 76% entre quem avalia o governo como ruim ou p\u00e9ssimo.<\/p>\n\n\n\n<p>Entre os que afirmam que votaram em Bolsonaro no segundo turno, 17% disseram n\u00e3o ter nada a destacar de muito positivo.<\/p>\n\n\n\n<p>Dos entrevistados que responderam, 8% consideram que houve avan\u00e7os na seguran\u00e7a, 7% mencionaram a reforma da Previd\u00eancia, 4% afirmam que houve combate \u00e0 corrup\u00e7\u00e3o e 4% citaram os decretos de flexibiliza\u00e7\u00e3o do posse e porte de armas. O fim do hor\u00e1rio de ver\u00e3o foi apontado por 1%.<\/p>\n\n\n\n<p>Os que mais se referiram \u00e0 seguran\u00e7a como o melhor do governo foram os homens e habitantes do Norte e do Centro Oeste (11%) e os partid\u00e1rios do PSDB (20%).<\/p>\n\n\n\n<p>Por outro lado, quando questionados o que Bolsonaro teria feito de pior, 18% disseram que nada. Esse n\u00famero passa para 22% entre os evang\u00e9licos, para 24% na regi\u00e3o Sul, para 25% entre os amarelos e os que t\u00eam 60 anos ou mais e para 36% entre os que avaliam o governo como \u00f3timo ou bom.<\/p>\n\n\n\n<p>Os decretos das armas aparecem em primeiro lugar entre as iniciativas ruins, mencionados por 21% dos entrevistados. O rep\u00fadio \u00e9 maior entre os negros (25%), quem avalia o governo como ruim ou p\u00e9ssimo (27%) e esp\u00edritas (28%).<\/p>\n\n\n\n<p>Logo em seguida na lista de piores medidas v\u00eam reforma da Previd\u00eancia (12%) e imagem p\u00fablica (9%) -este \u00faltimo quesito inclui declara\u00e7\u00f5es consideradas desnecess\u00e1rias, uso de palavras ofensivas, postura em rela\u00e7\u00e3o aos filhos e articula\u00e7\u00e3o pol\u00edtica.<\/p>\n\n\n\n<p>Outros 3% elegeram os cortes de verbas na educa\u00e7\u00e3o e 1% citaram racismo ou homofobia e aumento do desemprego, entre outras respostas.<\/p>\n\n\n\n<p>A pesquisa ouviu 2.086 pessoas com mais de 16 anos, em 130 cidades. A margem de erro \u00e9 de dois pontos percentuais, para mais ou para menos, e o \u00edndice de confian\u00e7a \u00e9 95%.<\/p>\n\n\n\n<p>Essa \u00faltima pesquisa do Datafolha indicou a consolida\u00e7\u00e3o de uma divis\u00e3o pol\u00edtica do pa\u00eds ap\u00f3s seis meses do governo de Bolsonaro. O Brasil est\u00e1 rachado em tr\u00eas.<\/p>\n\n\n\n<p>Para 33%, o presidente faz um trabalho \u00f3timo ou bom. Para 31%, regular, e para outros 33%, ruim ou p\u00e9ssimo. Com varia\u00e7\u00f5es m\u00ednimas, \u00e9 o mesmo cen\u00e1rio que se desenhou tr\u00eas meses atr\u00e1s, no mais recente levantamento do instituto.<\/p>\n\n\n\n<p>Com isso, Bolsonaro se mant\u00e9m como o presidente em primeiro mandato com a pior avalia\u00e7\u00e3o a esta altura do governo desde Fernando Collor de Mello, em 1990.<\/p>\n","protected":false},"excerpt":{"rendered":"<p>Para 4 a cada 10 brasileiros, o presidente Jair Bolsonaro (PSL) n\u00e3o fez nada de muito positivo ou que mere\u00e7a destaque em seus seis meses&hellip; <\/p>\n","protected":false},"author":1,"featured_media":106135,"comment_status":"closed","ping_status":"closed","sticky":false,"template":"","format":"standard","meta":{"sfsi_plus_gutenberg_text_before_share":"","sfsi_plus_gutenberg_show_text_before_share":"","sfsi_plus_gutenberg_icon_type":"","sfsi_plus_gutenberg_icon_alignemt":"","sfsi_plus_gutenburg_max_per_row":"","footnotes":""},"categories":[11],"tags":[],"class_list":["post-106134","post","type-post","status-publish","format-standard","has-post-thumbnail","hentry","category-politica"],"_links":{"self":[{"href":"https:\/\/www.caririemacao.com\/1\/wp-json\/wp\/v2\/posts\/106134","targetHints":{"allow":["GET"]}}],"collection":[{"href":"https:\/\/www.caririemacao.com\/1\/wp-json\/wp\/v2\/posts"}],"about":[{"href":"https:\/\/www.caririemacao.com\/1\/wp-json\/wp\/v2\/types\/post"}],"author":[{"embeddable":true,"href":"https:\/\/www.caririemacao.com\/1\/wp-json\/wp\/v2\/users\/1"}],"replies":[{"embeddable":true,"href":"https:\/\/www.caririemacao.com\/1\/wp-json\/wp\/v2\/comments?post=106134"}],"version-history":[{"count":1,"href":"https:\/\/www.caririemacao.com\/1\/wp-json\/wp\/v2\/posts\/106134\/revisions"}],"predecessor-version":[{"id":106136,"href":"https:\/\/www.caririemacao.com\/1\/wp-json\/wp\/v2\/posts\/106134\/revisions\/106136"}],"wp:featuredmedia":[{"embeddable":true,"href":"https:\/\/www.caririemacao.com\/1\/wp-json\/wp\/v2\/media\/106135"}],"wp:attachment":[{"href":"https:\/\/www.caririemacao.com\/1\/wp-json\/wp\/v2\/media?parent=106134"}],"wp:term":[{"taxonomy":"category","embeddable":true,"href":"https:\/\/www.caririemacao.com\/1\/wp-json\/wp\/v2\/categories?post=106134"},{"taxonomy":"post_tag","embeddable":true,"href":"https:\/\/www.caririemacao.com\/1\/wp-json\/wp\/v2\/tags?post=106134"}],"curies":[{"name":"wp","href":"https:\/\/api.w.org\/{rel}","templated":true}]}}