{"id":106149,"date":"2019-07-23T08:44:38","date_gmt":"2019-07-23T11:44:38","guid":{"rendered":"http:\/\/www.caririemacao.com\/1\/?p=106149"},"modified":"2019-07-23T08:44:38","modified_gmt":"2019-07-23T11:44:38","slug":"vadao-deixa-a-selecao-brasileira-feminina","status":"publish","type":"post","link":"https:\/\/www.caririemacao.com\/1\/2019\/07\/23\/vadao-deixa-a-selecao-brasileira-feminina\/","title":{"rendered":"Vad\u00e3o deixa a Sele\u00e7\u00e3o Brasileira Feminina"},"content":{"rendered":"\n<p>A Confedera\u00e7\u00e3o Brasileira de Futebol (CBF) informou hoje (22) que o t\u00e9cnico Oswaldo Alvarez, Vad\u00e3o, deixa o comando da Sele\u00e7\u00e3o Brasileira Feminina. Em sua segunda passagem pela equipe, Vad\u00e3o esteve \u00e0 frente da sele\u00e7\u00e3o durante um ano e dez meses. Em nota, a CBF agradeceu o trabalho e a dedica\u00e7\u00e3o demonstrada no per\u00edodo<\/p>\n\n\n\n<p>Vad\u00e3o dirigiu a sele\u00e7\u00e3o nos Jogos Ol\u00edmpicos Rio 2016, ficando em quarto lugar, e em duas edi\u00e7\u00f5es de Copas do Mundo, no Canad\u00e1 em 2015 e na Fran\u00e7a em 2019. Conquistou a medalha de ouro nos Jogos Pan-Americanos Toronto 2015, al\u00e9m de duas Copas Am\u00e9rica, em 2014 e 2018, al\u00e9m de garantir&nbsp;vaga no Mundial da Fran\u00e7a (2019) e nas Olimp\u00edadas de T\u00f3quio 2020.&nbsp;<\/p>\n\n\n\n<p>A CBF ainda n\u00e3o confirmou um novo nome para dirigir a Sele\u00e7\u00e3o Feminina Principal.<\/p>\n","protected":false},"excerpt":{"rendered":"<p>A Confedera\u00e7\u00e3o Brasileira de Futebol (CBF) informou hoje (22) que o t\u00e9cnico Oswaldo Alvarez, Vad\u00e3o, deixa o comando da Sele\u00e7\u00e3o Brasileira Feminina. Em sua segunda&hellip; <\/p>\n","protected":false},"author":1,"featured_media":106150,"comment_status":"closed","ping_status":"closed","sticky":false,"template":"","format":"standard","meta":{"sfsi_plus_gutenberg_text_before_share":"","sfsi_plus_gutenberg_show_text_before_share":"","sfsi_plus_gutenberg_icon_type":"","sfsi_plus_gutenberg_icon_alignemt":"","sfsi_plus_gutenburg_max_per_row":"","footnotes":""},"categories":[13],"tags":[],"class_list":["post-106149","post","type-post","status-publish","format-standard","has-post-thumbnail","hentry","category-esportes"],"_links":{"self":[{"href":"https:\/\/www.caririemacao.com\/1\/wp-json\/wp\/v2\/posts\/106149","targetHints":{"allow":["GET"]}}],"collection":[{"href":"https:\/\/www.caririemacao.com\/1\/wp-json\/wp\/v2\/posts"}],"about":[{"href":"https:\/\/www.caririemacao.com\/1\/wp-json\/wp\/v2\/types\/post"}],"author":[{"embeddable":true,"href":"https:\/\/www.caririemacao.com\/1\/wp-json\/wp\/v2\/users\/1"}],"replies":[{"embeddable":true,"href":"https:\/\/www.caririemacao.com\/1\/wp-json\/wp\/v2\/comments?post=106149"}],"version-history":[{"count":1,"href":"https:\/\/www.caririemacao.com\/1\/wp-json\/wp\/v2\/posts\/106149\/revisions"}],"predecessor-version":[{"id":106151,"href":"https:\/\/www.caririemacao.com\/1\/wp-json\/wp\/v2\/posts\/106149\/revisions\/106151"}],"wp:featuredmedia":[{"embeddable":true,"href":"https:\/\/www.caririemacao.com\/1\/wp-json\/wp\/v2\/media\/106150"}],"wp:attachment":[{"href":"https:\/\/www.caririemacao.com\/1\/wp-json\/wp\/v2\/media?parent=106149"}],"wp:term":[{"taxonomy":"category","embeddable":true,"href":"https:\/\/www.caririemacao.com\/1\/wp-json\/wp\/v2\/categories?post=106149"},{"taxonomy":"post_tag","embeddable":true,"href":"https:\/\/www.caririemacao.com\/1\/wp-json\/wp\/v2\/tags?post=106149"}],"curies":[{"name":"wp","href":"https:\/\/api.w.org\/{rel}","templated":true}]}}