{"id":106156,"date":"2019-07-23T08:52:16","date_gmt":"2019-07-23T11:52:16","guid":{"rendered":"http:\/\/www.caririemacao.com\/1\/?p=106156"},"modified":"2019-07-23T08:52:16","modified_gmt":"2019-07-23T11:52:16","slug":"treze-se-reapresenta-e-cbf-altera-local-de-decisao-contra-o-globo-rn","status":"publish","type":"post","link":"https:\/\/www.caririemacao.com\/1\/2019\/07\/23\/treze-se-reapresenta-e-cbf-altera-local-de-decisao-contra-o-globo-rn\/","title":{"rendered":"Treze se reapresenta e CBF altera local de decis\u00e3o contra o Globo-RN"},"content":{"rendered":"\n<p>Confirmou nesta segunda-feira (22) a altera\u00e7\u00e3o no local da decisiva partida entre Treze e Globo-RN, marcada para as 16h de domingo (28), pela 14\u00aa rodada do Grupo A da S\u00e9rie C do Campeonato Brasileiro.<\/p>\n\n\n\n<figure class=\"wp-block-image\"><img decoding=\"async\" data-src=\"https:\/\/paraibaonline.com.br\/wp-content\/uploads\/2018\/12\/PV.jpg\" alt=\"\" class=\"wp-image-546412 lazyload\" src=\"data:image\/svg+xml;base64,PHN2ZyB3aWR0aD0iMSIgaGVpZ2h0PSIxIiB4bWxucz0iaHR0cDovL3d3dy53My5vcmcvMjAwMC9zdmciPjwvc3ZnPg==\" \/><\/figure>\n\n\n\n<p>Foto: Paraibaonline<\/p>\n\n\n\n<p>Com data e hor\u00e1rio mantidos, a entidade atendeu pedido do clube mandante e reagendou a peleja para o est\u00e1dio Presidente Vargas, liberado pelas autoridades competentes.<\/p>\n\n\n\n<p>No in\u00edcio da manh\u00e3 desta ter\u00e7a-feira (23) o elenco comandado por Kleber Romero se reapresentou para come\u00e7ar a prepara\u00e7\u00e3o. A tend\u00eancia \u00e9 de que, mais uma vez, o PV esteja com os port\u00f5es fechados para torcida e imprensa.<\/p>\n\n\n\n<p>O Galo permanece na lanterna da chave, com nove pontos somados.<\/p>\n\n\n\n<p>O ABC \u00e9 o pen\u00faltimo colocado, com 10, e o primeiro time fora da zona de rebaixamento \u00e9 justamente o Globo, advers\u00e1rio alvinegro no pr\u00f3ximo domingo, que tem 13 pontos.<\/p>\n\n\n\n<p>Nesse cen\u00e1rio, somente a vit\u00f3ria interessa ao Treze.<\/p>\n","protected":false},"excerpt":{"rendered":"<p>Confirmou nesta segunda-feira (22) a altera\u00e7\u00e3o no local da decisiva partida entre Treze e Globo-RN, marcada para as 16h de domingo (28), pela 14\u00aa rodada&hellip; <\/p>\n","protected":false},"author":1,"featured_media":103446,"comment_status":"closed","ping_status":"closed","sticky":false,"template":"","format":"standard","meta":{"sfsi_plus_gutenberg_text_before_share":"","sfsi_plus_gutenberg_show_text_before_share":"","sfsi_plus_gutenberg_icon_type":"","sfsi_plus_gutenberg_icon_alignemt":"","sfsi_plus_gutenburg_max_per_row":"","footnotes":""},"categories":[13],"tags":[],"class_list":["post-106156","post","type-post","status-publish","format-standard","has-post-thumbnail","hentry","category-esportes"],"_links":{"self":[{"href":"https:\/\/www.caririemacao.com\/1\/wp-json\/wp\/v2\/posts\/106156","targetHints":{"allow":["GET"]}}],"collection":[{"href":"https:\/\/www.caririemacao.com\/1\/wp-json\/wp\/v2\/posts"}],"about":[{"href":"https:\/\/www.caririemacao.com\/1\/wp-json\/wp\/v2\/types\/post"}],"author":[{"embeddable":true,"href":"https:\/\/www.caririemacao.com\/1\/wp-json\/wp\/v2\/users\/1"}],"replies":[{"embeddable":true,"href":"https:\/\/www.caririemacao.com\/1\/wp-json\/wp\/v2\/comments?post=106156"}],"version-history":[{"count":1,"href":"https:\/\/www.caririemacao.com\/1\/wp-json\/wp\/v2\/posts\/106156\/revisions"}],"predecessor-version":[{"id":106157,"href":"https:\/\/www.caririemacao.com\/1\/wp-json\/wp\/v2\/posts\/106156\/revisions\/106157"}],"wp:featuredmedia":[{"embeddable":true,"href":"https:\/\/www.caririemacao.com\/1\/wp-json\/wp\/v2\/media\/103446"}],"wp:attachment":[{"href":"https:\/\/www.caririemacao.com\/1\/wp-json\/wp\/v2\/media?parent=106156"}],"wp:term":[{"taxonomy":"category","embeddable":true,"href":"https:\/\/www.caririemacao.com\/1\/wp-json\/wp\/v2\/categories?post=106156"},{"taxonomy":"post_tag","embeddable":true,"href":"https:\/\/www.caririemacao.com\/1\/wp-json\/wp\/v2\/tags?post=106156"}],"curies":[{"name":"wp","href":"https:\/\/api.w.org\/{rel}","templated":true}]}}