{"id":106174,"date":"2019-07-23T09:11:40","date_gmt":"2019-07-23T12:11:40","guid":{"rendered":"http:\/\/www.caririemacao.com\/1\/?p=106174"},"modified":"2019-07-23T09:11:40","modified_gmt":"2019-07-23T12:11:40","slug":"consumidores-esperam-inflacao-de-53-nos-proximos-12-meses-diz-fgv","status":"publish","type":"post","link":"https:\/\/www.caririemacao.com\/1\/2019\/07\/23\/consumidores-esperam-inflacao-de-53-nos-proximos-12-meses-diz-fgv\/","title":{"rendered":"Consumidores esperam infla\u00e7\u00e3o de 5,3% nos pr\u00f3ximos 12 meses, diz FGV"},"content":{"rendered":"\n<p>A expectativa mediana dos consumidores brasileiros para a infla\u00e7\u00e3o nos pr\u00f3ximos 12 meses ficou em 5,3% em julho deste ano. Segundo pesquisa da Funda\u00e7\u00e3o Getulio Vargas (FGV), a estimativa dos consumidores \u00e9 0,1 ponto percentual abaixo da registrada em junho (5,4%).<\/p>\n\n\n\n<p>De acordo com a economista da FGV, Renata de Mello Franco, a prov\u00e1vel explica\u00e7\u00e3o para a leve queda da expectativa da infla\u00e7\u00e3o entre os consumidores \u00e9 o \u201cresultado favor\u00e1vel da infla\u00e7\u00e3o em junho, como o recuo dos pre\u00e7os dos alimentos, da gasolina, g\u00e1s de botij\u00e3o e das tarifas de energia el\u00e9trica, que comp\u00f5em grande parte da cesta de consumo das fam\u00edlias\u201d.<\/p>\n\n\n\n<p>Analisando a frequ\u00eancia da infla\u00e7\u00e3o prevista por faixas de respostas, a parcela dos consumidores que projetam valores abaixo da meta de infla\u00e7\u00e3o para 2019 (de 4,25%), aumentou de 33,4% em junho para 37,7% em julho. Enquanto isso, a propor\u00e7\u00e3o de consumidores projetando valores igual ou superior \u00e0 meta de infla\u00e7\u00e3o para 2019 caiu 4,3 ponto percentual, para 62,3%.<\/p>\n\n\n\n<p>A infla\u00e7\u00e3o oficial medida pelo \u00cdndice Nacional de Pre\u00e7os ao Consumidor Amplo (IPCA), do Instituto Brasileiro de Geografia e Estat\u00edstica (IBGE), registrou em junho, uma infla\u00e7\u00e3o acumulada de 3,37% em 12 meses.<\/p>\n","protected":false},"excerpt":{"rendered":"<p>A expectativa mediana dos consumidores brasileiros para a infla\u00e7\u00e3o nos pr\u00f3ximos 12 meses ficou em 5,3% em julho deste ano. Segundo pesquisa da Funda\u00e7\u00e3o Getulio&hellip; <\/p>\n","protected":false},"author":1,"featured_media":106175,"comment_status":"closed","ping_status":"closed","sticky":false,"template":"","format":"standard","meta":{"sfsi_plus_gutenberg_text_before_share":"","sfsi_plus_gutenberg_show_text_before_share":"","sfsi_plus_gutenberg_icon_type":"","sfsi_plus_gutenberg_icon_alignemt":"","sfsi_plus_gutenburg_max_per_row":"","footnotes":""},"categories":[2],"tags":[],"class_list":["post-106174","post","type-post","status-publish","format-standard","has-post-thumbnail","hentry","category-geral"],"_links":{"self":[{"href":"https:\/\/www.caririemacao.com\/1\/wp-json\/wp\/v2\/posts\/106174","targetHints":{"allow":["GET"]}}],"collection":[{"href":"https:\/\/www.caririemacao.com\/1\/wp-json\/wp\/v2\/posts"}],"about":[{"href":"https:\/\/www.caririemacao.com\/1\/wp-json\/wp\/v2\/types\/post"}],"author":[{"embeddable":true,"href":"https:\/\/www.caririemacao.com\/1\/wp-json\/wp\/v2\/users\/1"}],"replies":[{"embeddable":true,"href":"https:\/\/www.caririemacao.com\/1\/wp-json\/wp\/v2\/comments?post=106174"}],"version-history":[{"count":1,"href":"https:\/\/www.caririemacao.com\/1\/wp-json\/wp\/v2\/posts\/106174\/revisions"}],"predecessor-version":[{"id":106176,"href":"https:\/\/www.caririemacao.com\/1\/wp-json\/wp\/v2\/posts\/106174\/revisions\/106176"}],"wp:featuredmedia":[{"embeddable":true,"href":"https:\/\/www.caririemacao.com\/1\/wp-json\/wp\/v2\/media\/106175"}],"wp:attachment":[{"href":"https:\/\/www.caririemacao.com\/1\/wp-json\/wp\/v2\/media?parent=106174"}],"wp:term":[{"taxonomy":"category","embeddable":true,"href":"https:\/\/www.caririemacao.com\/1\/wp-json\/wp\/v2\/categories?post=106174"},{"taxonomy":"post_tag","embeddable":true,"href":"https:\/\/www.caririemacao.com\/1\/wp-json\/wp\/v2\/tags?post=106174"}],"curies":[{"name":"wp","href":"https:\/\/api.w.org\/{rel}","templated":true}]}}