{"id":106181,"date":"2019-07-23T09:16:57","date_gmt":"2019-07-23T12:16:57","guid":{"rendered":"http:\/\/www.caririemacao.com\/1\/?p=106181"},"modified":"2019-07-23T09:16:57","modified_gmt":"2019-07-23T12:16:57","slug":"caminhoneiros-desabafam-por-falta-de-compromisso-do-governo-com-a-categoria","status":"publish","type":"post","link":"https:\/\/www.caririemacao.com\/1\/2019\/07\/23\/caminhoneiros-desabafam-por-falta-de-compromisso-do-governo-com-a-categoria\/","title":{"rendered":"Caminhoneiros desabafam por falta de compromisso do governo com a categoria"},"content":{"rendered":"\n<p>Uma nova paralisa\u00e7\u00e3o de caminhoneiros foi realizada na manh\u00e3 de ontem, segunda-feira (22), em v\u00e1rias cidades do pa\u00eds.<\/p>\n\n\n\n<p>Eles cobram a tabela do frete, quest\u00f5es referentes a ped\u00e1gios e reclamam tamb\u00e9m do pre\u00e7o dos combust\u00edveis.<\/p>\n\n\n\n<p>Em entrevista, integrantes da categoria revelaram suas insatisfa\u00e7\u00f5es.<\/p>\n\n\n\n<figure class=\"wp-block-image\"><img decoding=\"async\" data-src=\"https:\/\/paraibaonline.com.br\/wp-content\/uploads\/2019\/07\/caminhoneiros2307b.jpg\" alt=\"Foto: Paraibaonline\" class=\"wp-image-753331 lazyload\" src=\"data:image\/svg+xml;base64,PHN2ZyB3aWR0aD0iMSIgaGVpZ2h0PSIxIiB4bWxucz0iaHR0cDovL3d3dy53My5vcmcvMjAwMC9zdmciPjwvc3ZnPg==\" \/><\/figure>\n\n\n\n<p>Foto: Paraibaonline<\/p>\n\n\n\n<p>O caminhoneiro Jos\u00e9 Alan afirmou que foram muitas as promessas do governo que at\u00e9 agora, desde a \u00faltima paralisa\u00e7\u00e3o, em 2018, n\u00e3o foram cumpridas.<\/p>\n\n\n\n<p>\u2013 Eu trabalho com caminh\u00e3o tem trinta anos e de dois anos pra c\u00e1 \u00e9 dif\u00edcil a situa\u00e7\u00e3o que estamos vivendo. Tabela de frete que a gente n\u00e3o tem; estamos rodando abaixo da tabela; o pre\u00e7o do combust\u00edvel \u00e9 absurdo; ped\u00e1gio; exig\u00eancias das empresas\u2026 Estamos parados n\u00e3o \u00e9 pra aparecer, \u00e9 pra mostrar nossa for\u00e7a. Estamos esperando uma resposta do governo. O governo j\u00e1 fez muita promessa e n\u00e3o cumpriu \u2013 lamentou.<\/p>\n\n\n\n<p>Wilson J\u00fanior, que tamb\u00e9m trabalha como caminhoneiro, lembrou a import\u00e2ncia dos profissionais para a economia do pa\u00eds, mas disse sentir-se desvalorizado.<\/p>\n\n\n\n<p>\u2013 N\u00e3o est\u00e1 mais dando pra trabalhar. O Brasil virou bagun\u00e7a. As estradas esburacadas. Somos v\u00edtimas de assaltos. A tabela de frete \u00e9 uma piada. Querem acabar com o aut\u00f4nomo e a profiss\u00e3o. Tudo que \u00e9 consumido neste pa\u00eds depende de um caminhoneiro. Do batom ao carro que voc\u00ea compra. Tudo passa por um ba\u00fa, um caminh\u00e3o, uma cegonha. \u00c9 uma profiss\u00e3o que vai sumir. S\u00f3 trabalha nisso quem tem amor \u00e0 profiss\u00e3o. Cachorro de rua tem mais valor que um caminhoneiro \u2013 desabafou.<\/p>\n","protected":false},"excerpt":{"rendered":"<p>Uma nova paralisa\u00e7\u00e3o de caminhoneiros foi realizada na manh\u00e3 de ontem, segunda-feira (22), em v\u00e1rias cidades do pa\u00eds. Eles cobram a tabela do frete, quest\u00f5es&hellip; <\/p>\n","protected":false},"author":1,"featured_media":52314,"comment_status":"closed","ping_status":"closed","sticky":false,"template":"","format":"standard","meta":{"sfsi_plus_gutenberg_text_before_share":"","sfsi_plus_gutenberg_show_text_before_share":"","sfsi_plus_gutenberg_icon_type":"","sfsi_plus_gutenberg_icon_alignemt":"","sfsi_plus_gutenburg_max_per_row":"","footnotes":""},"categories":[11],"tags":[],"class_list":["post-106181","post","type-post","status-publish","format-standard","has-post-thumbnail","hentry","category-politica"],"_links":{"self":[{"href":"https:\/\/www.caririemacao.com\/1\/wp-json\/wp\/v2\/posts\/106181","targetHints":{"allow":["GET"]}}],"collection":[{"href":"https:\/\/www.caririemacao.com\/1\/wp-json\/wp\/v2\/posts"}],"about":[{"href":"https:\/\/www.caririemacao.com\/1\/wp-json\/wp\/v2\/types\/post"}],"author":[{"embeddable":true,"href":"https:\/\/www.caririemacao.com\/1\/wp-json\/wp\/v2\/users\/1"}],"replies":[{"embeddable":true,"href":"https:\/\/www.caririemacao.com\/1\/wp-json\/wp\/v2\/comments?post=106181"}],"version-history":[{"count":1,"href":"https:\/\/www.caririemacao.com\/1\/wp-json\/wp\/v2\/posts\/106181\/revisions"}],"predecessor-version":[{"id":106182,"href":"https:\/\/www.caririemacao.com\/1\/wp-json\/wp\/v2\/posts\/106181\/revisions\/106182"}],"wp:featuredmedia":[{"embeddable":true,"href":"https:\/\/www.caririemacao.com\/1\/wp-json\/wp\/v2\/media\/52314"}],"wp:attachment":[{"href":"https:\/\/www.caririemacao.com\/1\/wp-json\/wp\/v2\/media?parent=106181"}],"wp:term":[{"taxonomy":"category","embeddable":true,"href":"https:\/\/www.caririemacao.com\/1\/wp-json\/wp\/v2\/categories?post=106181"},{"taxonomy":"post_tag","embeddable":true,"href":"https:\/\/www.caririemacao.com\/1\/wp-json\/wp\/v2\/tags?post=106181"}],"curies":[{"name":"wp","href":"https:\/\/api.w.org\/{rel}","templated":true}]}}