{"id":106188,"date":"2019-07-23T09:58:43","date_gmt":"2019-07-23T12:58:43","guid":{"rendered":"http:\/\/www.caririemacao.com\/1\/?p=106188"},"modified":"2019-07-23T09:58:43","modified_gmt":"2019-07-23T12:58:43","slug":"marilia-mendonca-faz-cha-revelacao-e-revela-sexo-e-nome-do-bebe","status":"publish","type":"post","link":"https:\/\/www.caririemacao.com\/1\/2019\/07\/23\/marilia-mendonca-faz-cha-revelacao-e-revela-sexo-e-nome-do-bebe\/","title":{"rendered":"Mar\u00edlia Mendon\u00e7a faz ch\u00e1 revela\u00e7\u00e3o e revela sexo e nome do beb\u00ea"},"content":{"rendered":"\n<p>Mar\u00edlia Mendon\u00e7a e Murilo Huff ser\u00e3o papais de um menino! A informa\u00e7\u00e3o foi revelada, na noite de segunda-feira (22), durante ch\u00e1 revela\u00e7\u00e3o do casal, que aconteceu na mesma data dos 24 anos da futura mam\u00e3e.<\/p>\n\n\n\n<p>At\u00e9 o nome j\u00e1 foi escolhido: L\u00e9o. Caso fosse menina, o nome tamb\u00e9m j\u00e1 estava definido: Marcela. Com decora\u00e7\u00e3o caprichada e muitos amigos e familiares, a festa deixou Mar\u00edlia apreensiva. &#8220;Ai, meu Deus, eu vou desmaiar&#8221;, diz ela antes de revelar. &#8220;\u00c9 o L\u00e9o, gente&#8221;, diz ela, que recebe uma chuva de gritos e palmas, al\u00e9m de muita chuva de papel azul picado.<\/p>\n\n\n\n<p>Capa recente de QUEM, Mar\u00edlia falou sobre a gravidez, que n\u00e3o foi planejada, e sobre o amado, que tamb\u00e9m foi s\u00f3 elogios sobre ela. &#8220;Ele \u00e9 meu porto seguro, me trouxe muita confian\u00e7a n\u00e3o s\u00f3 no amor, como no ser humano. E tenho certeza que nosso filho vir\u00e1 para celebrar tudo o que estamos vivendo\u201d, diz. \u201cMar\u00edlia \u00e9 uma mulher muito forte e determinada, muito parceira e dona de um cora\u00e7\u00e3o enorme. Esta \u00e9 a pessoa com quem eu me comprometi a fazer feliz. A gravidez n\u00e3o foi planejada, mas com certeza a crian\u00e7a vai ser muito amada. Estamos felizes com esse presente de Deus&#8230; nosso filho ou filha ser\u00e1 o melhor de n\u00f3s\u201d, derrete-se Murilo.<\/p>\n\n\n\n<p>Feliz com a descoberta da gravidez, Mar\u00edlia j\u00e1 come\u00e7ou a ler tudo sobre maternidade. \u201cMeus dias tem sido de uma futura m\u00e3e curiosa. Tenho lido bastante sobre gravidez para entender o que estou passando, o incha\u00e7o, o sono, o sentimentalismo e a fome. Estou muito, muito feliz\u201d, fala a cantora, que teve a gesta\u00e7\u00e3o muito bem aceita pelos f\u00e3s. \u201cEu nem estou mais ganhando presentes. Agora, os f\u00e3s s\u00f3 d\u00e3o para o beb\u00ea. Mas s\u00f3 agrade\u00e7o todo esse carinho em um momento t\u00e3o especial da minha vida\u201d, comemora.<\/p>\n\n\n\n<p>Deixando a dieta um pouco de lado, Mar\u00edlia tem tido desejos at\u00e9 em cima do palco e tem parado para comer durante os intervalos de suas apresenta\u00e7\u00f5es. \u201cOs desejos j\u00e1 come\u00e7aram. Quem \u00e9 m\u00e3e vai me entender. Eu comecei a comer a pizza no intervalo e n\u00e3o deu tempo de terminar, ent\u00e3o vim comendo no palco mesmo. Chega a doer o est\u00f4mago e isso que faz o maior temp\u00e3o que eu comi, uns 40 minutos. S\u00f3 tenho que ver se a minha boca est\u00e1 limpa\u201d, diverte-se.<\/p>\n","protected":false},"excerpt":{"rendered":"<p>Mar\u00edlia Mendon\u00e7a e Murilo Huff ser\u00e3o papais de um menino! A informa\u00e7\u00e3o foi revelada, na noite de segunda-feira (22), durante ch\u00e1 revela\u00e7\u00e3o do casal, que&hellip; <\/p>\n","protected":false},"author":1,"featured_media":106189,"comment_status":"closed","ping_status":"closed","sticky":false,"template":"","format":"standard","meta":{"sfsi_plus_gutenberg_text_before_share":"","sfsi_plus_gutenberg_show_text_before_share":"","sfsi_plus_gutenberg_icon_type":"","sfsi_plus_gutenberg_icon_alignemt":"","sfsi_plus_gutenburg_max_per_row":"","footnotes":""},"categories":[2],"tags":[],"class_list":["post-106188","post","type-post","status-publish","format-standard","has-post-thumbnail","hentry","category-geral"],"_links":{"self":[{"href":"https:\/\/www.caririemacao.com\/1\/wp-json\/wp\/v2\/posts\/106188","targetHints":{"allow":["GET"]}}],"collection":[{"href":"https:\/\/www.caririemacao.com\/1\/wp-json\/wp\/v2\/posts"}],"about":[{"href":"https:\/\/www.caririemacao.com\/1\/wp-json\/wp\/v2\/types\/post"}],"author":[{"embeddable":true,"href":"https:\/\/www.caririemacao.com\/1\/wp-json\/wp\/v2\/users\/1"}],"replies":[{"embeddable":true,"href":"https:\/\/www.caririemacao.com\/1\/wp-json\/wp\/v2\/comments?post=106188"}],"version-history":[{"count":1,"href":"https:\/\/www.caririemacao.com\/1\/wp-json\/wp\/v2\/posts\/106188\/revisions"}],"predecessor-version":[{"id":106190,"href":"https:\/\/www.caririemacao.com\/1\/wp-json\/wp\/v2\/posts\/106188\/revisions\/106190"}],"wp:featuredmedia":[{"embeddable":true,"href":"https:\/\/www.caririemacao.com\/1\/wp-json\/wp\/v2\/media\/106189"}],"wp:attachment":[{"href":"https:\/\/www.caririemacao.com\/1\/wp-json\/wp\/v2\/media?parent=106188"}],"wp:term":[{"taxonomy":"category","embeddable":true,"href":"https:\/\/www.caririemacao.com\/1\/wp-json\/wp\/v2\/categories?post=106188"},{"taxonomy":"post_tag","embeddable":true,"href":"https:\/\/www.caririemacao.com\/1\/wp-json\/wp\/v2\/tags?post=106188"}],"curies":[{"name":"wp","href":"https:\/\/api.w.org\/{rel}","templated":true}]}}