{"id":106199,"date":"2019-07-23T10:08:25","date_gmt":"2019-07-23T13:08:25","guid":{"rendered":"http:\/\/www.caririemacao.com\/1\/?p=106199"},"modified":"2019-07-23T10:08:25","modified_gmt":"2019-07-23T13:08:25","slug":"abono-do-pis-pasep-comeca-a-ser-pago-nesta-quinta","status":"publish","type":"post","link":"https:\/\/www.caririemacao.com\/1\/2019\/07\/23\/abono-do-pis-pasep-comeca-a-ser-pago-nesta-quinta\/","title":{"rendered":"Abono do PIS\/Pasep come\u00e7a a ser pago nesta quinta"},"content":{"rendered":"\n<p>O pagamento do abono salarial do Programa de Integra\u00e7\u00e3o Social (PIS) e de Forma\u00e7\u00e3o do Patrim\u00f4nio do Servidor P\u00fablico (Pasep), exerc\u00edcio 2019\/2020, come\u00e7a na pr\u00f3xima quinta-feira (25). A libera\u00e7\u00e3o do dinheiro para os cadastrados no PIS vai considerar a data de nascimento. No caso do Pasep, o calend\u00e1rio \u00e9 definido pelo d\u00edgito final do n\u00famero de inscri\u00e7\u00e3o.<\/p>\n\n\n\n<p>Os trabalhadores que nasceram entre julho e dezembro receber\u00e3o o abono do PIS ainda este ano. J\u00e1 os nascidos entre janeiro e junho ter\u00e3o o recurso dispon\u00edvel para saque em 2020. Recebem tamb\u00e9m este ano os servidores p\u00fablicos cadastrados no Pasep com d\u00edgito final do n\u00famero de inscri\u00e7\u00e3o entre 0 e 4. Os registros com final entre 5 e 9 receber\u00e3o no pr\u00f3ximo ano.<\/p>\n\n\n\n<p>A data para o fechamento do calend\u00e1rio de pagamento do exerc\u00edcio 2019\/2020 est\u00e1 prevista para o dia 30 de julho de 2020. A estimativa \u00e9 de que sejam destinados R$ 19,3 bilh\u00f5es a 23,6 milh\u00f5es de trabalhadores. O pagamento do abono salarial referente ao PIS ser\u00e1 feito pela Caixa em suas ag\u00eancias em todo o pa\u00eds; e o abono do Pasep ser\u00e1 pago no Banco do Brasil.<\/p>\n\n\n\n<h2 class=\"wp-block-heading\">Quem tem direito<\/h2>\n\n\n\n<p>Para ter direito ao abono salarial do PIS\/Pasep \u00e9 necess\u00e1rio ter trabalhado formalmente por pelo menos 30 dias em 2018, com remunera\u00e7\u00e3o m\u00e9dia de at\u00e9 dois sal\u00e1rios m\u00ednimos. Al\u00e9m disso, o trabalhador tem de estar inscrito no PIS\/Pasep h\u00e1 pelo menos cinco anos e ter tido seus dados informados corretamente pelo empregador na Rela\u00e7\u00e3o Anual de Informa\u00e7\u00f5es Sociais (Rais).<\/p>\n\n\n\n<p>Para os trabalhadores que tiverem os dados declarados na Rais 2018 fora do prazo e entregues at\u00e9 25 de setembro de 2019, o pagamento estar\u00e1 dispon\u00edvel a partir de 4 de novembro de 2019, conforme calend\u00e1rio de pagamento aprovado, e, ap\u00f3s este prazo, somente no calend\u00e1rio seguinte.<\/p>\n","protected":false},"excerpt":{"rendered":"<p>O pagamento do abono salarial do Programa de Integra\u00e7\u00e3o Social (PIS) e de Forma\u00e7\u00e3o do Patrim\u00f4nio do Servidor P\u00fablico (Pasep), exerc\u00edcio 2019\/2020, come\u00e7a na pr\u00f3xima&hellip; <\/p>\n","protected":false},"author":1,"featured_media":105203,"comment_status":"closed","ping_status":"closed","sticky":false,"template":"","format":"standard","meta":{"sfsi_plus_gutenberg_text_before_share":"","sfsi_plus_gutenberg_show_text_before_share":"","sfsi_plus_gutenberg_icon_type":"","sfsi_plus_gutenberg_icon_alignemt":"","sfsi_plus_gutenburg_max_per_row":"","footnotes":""},"categories":[6],"tags":[],"class_list":["post-106199","post","type-post","status-publish","format-standard","has-post-thumbnail","hentry","category-cidades"],"_links":{"self":[{"href":"https:\/\/www.caririemacao.com\/1\/wp-json\/wp\/v2\/posts\/106199","targetHints":{"allow":["GET"]}}],"collection":[{"href":"https:\/\/www.caririemacao.com\/1\/wp-json\/wp\/v2\/posts"}],"about":[{"href":"https:\/\/www.caririemacao.com\/1\/wp-json\/wp\/v2\/types\/post"}],"author":[{"embeddable":true,"href":"https:\/\/www.caririemacao.com\/1\/wp-json\/wp\/v2\/users\/1"}],"replies":[{"embeddable":true,"href":"https:\/\/www.caririemacao.com\/1\/wp-json\/wp\/v2\/comments?post=106199"}],"version-history":[{"count":1,"href":"https:\/\/www.caririemacao.com\/1\/wp-json\/wp\/v2\/posts\/106199\/revisions"}],"predecessor-version":[{"id":106200,"href":"https:\/\/www.caririemacao.com\/1\/wp-json\/wp\/v2\/posts\/106199\/revisions\/106200"}],"wp:featuredmedia":[{"embeddable":true,"href":"https:\/\/www.caririemacao.com\/1\/wp-json\/wp\/v2\/media\/105203"}],"wp:attachment":[{"href":"https:\/\/www.caririemacao.com\/1\/wp-json\/wp\/v2\/media?parent=106199"}],"wp:term":[{"taxonomy":"category","embeddable":true,"href":"https:\/\/www.caririemacao.com\/1\/wp-json\/wp\/v2\/categories?post=106199"},{"taxonomy":"post_tag","embeddable":true,"href":"https:\/\/www.caririemacao.com\/1\/wp-json\/wp\/v2\/tags?post=106199"}],"curies":[{"name":"wp","href":"https:\/\/api.w.org\/{rel}","templated":true}]}}