{"id":106211,"date":"2019-07-23T14:02:49","date_gmt":"2019-07-23T17:02:49","guid":{"rendered":"http:\/\/www.caririemacao.com\/1\/?p=106211"},"modified":"2019-07-23T14:02:49","modified_gmt":"2019-07-23T17:02:49","slug":"bolsonaro-parabeniza-novo-primeiro-ministro-britanico","status":"publish","type":"post","link":"https:\/\/www.caririemacao.com\/1\/2019\/07\/23\/bolsonaro-parabeniza-novo-primeiro-ministro-britanico\/","title":{"rendered":"Bolsonaro parabeniza novo primeiro-ministro brit\u00e2nico"},"content":{"rendered":"\n<p>O presidente Jair Bolsonaro parabenizou hoje (23), em sua conta no Twitter, a elei\u00e7\u00e3o do ex-ministro do Exterior brit\u00e2nico,&nbsp;<a href=\"http:\/\/agenciabrasil.ebc.com.br\/internacional\/noticia\/2019-07\/boris-johnson-e-o-novo-primeiro-ministro-britanico\" target=\"_blank\" rel=\"noreferrer noopener\">Boris Johnson<\/a>, como sucessor da premi\u00ea Theresa May na lideran\u00e7a do Partido Conservador. Por consequ\u00eancia, Johnson ser\u00e1 o novo chefe de governo do pa\u00eds.<\/p>\n\n\n\n<p>\u201cParab\u00e9ns @BorisJohnson, novo Primeiro-Ministro do Reino Unido, eleito com o compromisso louv\u00e1vel de respeitar os des\u00edgnios do povo brit\u00e2nico. Conte com o Brasil na busca por livre com\u00e9rcio, na promo\u00e7\u00e3o da prosperidade para nossos povos, e na defesa da liberdade e da democracia\u201d, escreveu Bolsonaro.<\/p>\n\n\n\n<figure class=\"wp-block-image\"><img decoding=\"async\" data-src=\"http:\/\/imagens.ebc.com.br\/V3Qd2Wg-w6zTRG7URevmDxwO9gc=\/754x0\/smart\/http:\/\/agenciabrasil.ebc.com.br\/sites\/default\/files\/thumbnails\/image\/2019-07-23t113803z_2029081715_rc1e6af89e10_rtrmadp_3_britain-eu-leader.jpg?itok=bkO4kdWN\" alt=\"Boris Johnson, Inglaterra. \nREUTERS\/Toby Melville\" src=\"data:image\/svg+xml;base64,PHN2ZyB3aWR0aD0iMSIgaGVpZ2h0PSIxIiB4bWxucz0iaHR0cDovL3d3dy53My5vcmcvMjAwMC9zdmciPjwvc3ZnPg==\" class=\"lazyload\" \/><\/figure>\n\n\n\n<p>Boris Johnson recebeu mensagem de felicita\u00e7\u00f5es do presidente Bolsonaro&nbsp;&nbsp;&nbsp;<strong>(<\/strong><strong>Reuters\/Toby Melville\/Direitos Reservados)<\/strong><br><\/p>\n\n\n\n<p>Johnson superou o atual ministro do Exterior, Jeremy Hunt, ao final de uma vota\u00e7\u00e3o realizada nas \u00faltimas quatro semanas, entre 160 mil afiliados da legenda. Durante a campanha, Johnson prometeu obter sucesso nos pontos em que May falhou e levar o Reino Unido para fora da Uni\u00e3o Europeia (UE) em 31 de outubro, com ou sem acordo.<\/p>\n\n\n\n<p>V\u00e1rios ministros conservadores do gabinete de May anunciaram preferir a ren\u00fancia a colaborar com um governo que vise um chamado Brexit duro, resultado que, segundo economistas, pode levar ao colapso o com\u00e9rcio do Reino Unido e mergulh\u00e1-lo numa recess\u00e3o.<\/p>\n\n\n\n<p>Entre eles, o ministro da Economia, Philip Hammond, e o chefe da pasta da Justi\u00e7a, David Gauke.<\/p>\n\n\n\n<p>May renunciou em 7 de junho deste ano depois que o parlamento brit\u00e2nico rejeitou repetidamente o acordo de retirada da Uni\u00e3o Europeia que ela acertou com o bloco europeu.<\/p>\n\n\n\n<p>Johnson insiste que conseguir\u00e1 levar a UE \u00e0 renegocia\u00e7\u00e3o do pacto do Brexit \u2013 algo que o bloco insiste que n\u00e3o far\u00e1 \u2013, caso contr\u00e1rio, ele diz estar disposto a retirar os brit\u00e2nicos da UE &#8220;aconte\u00e7a o que acontecer&#8221;.<\/p>\n\n\n\n<p>O novo primeiro-ministro presidir\u00e1 uma C\u00e2mara dos Comuns na qual a maioria dos membros se op\u00f5e a deixar a UE sem um acordo e onde o Partido Conservador n\u00e3o possui uma maioria absoluta.<\/p>\n","protected":false},"excerpt":{"rendered":"<p>O presidente Jair Bolsonaro parabenizou hoje (23), em sua conta no Twitter, a elei\u00e7\u00e3o do ex-ministro do Exterior brit\u00e2nico,&nbsp;Boris Johnson, como sucessor da premi\u00ea Theresa&hellip; <\/p>\n","protected":false},"author":1,"featured_media":106212,"comment_status":"closed","ping_status":"closed","sticky":false,"template":"","format":"standard","meta":{"sfsi_plus_gutenberg_text_before_share":"","sfsi_plus_gutenberg_show_text_before_share":"","sfsi_plus_gutenberg_icon_type":"","sfsi_plus_gutenberg_icon_alignemt":"","sfsi_plus_gutenburg_max_per_row":"","footnotes":""},"categories":[11],"tags":[],"class_list":["post-106211","post","type-post","status-publish","format-standard","has-post-thumbnail","hentry","category-politica"],"_links":{"self":[{"href":"https:\/\/www.caririemacao.com\/1\/wp-json\/wp\/v2\/posts\/106211","targetHints":{"allow":["GET"]}}],"collection":[{"href":"https:\/\/www.caririemacao.com\/1\/wp-json\/wp\/v2\/posts"}],"about":[{"href":"https:\/\/www.caririemacao.com\/1\/wp-json\/wp\/v2\/types\/post"}],"author":[{"embeddable":true,"href":"https:\/\/www.caririemacao.com\/1\/wp-json\/wp\/v2\/users\/1"}],"replies":[{"embeddable":true,"href":"https:\/\/www.caririemacao.com\/1\/wp-json\/wp\/v2\/comments?post=106211"}],"version-history":[{"count":1,"href":"https:\/\/www.caririemacao.com\/1\/wp-json\/wp\/v2\/posts\/106211\/revisions"}],"predecessor-version":[{"id":106213,"href":"https:\/\/www.caririemacao.com\/1\/wp-json\/wp\/v2\/posts\/106211\/revisions\/106213"}],"wp:featuredmedia":[{"embeddable":true,"href":"https:\/\/www.caririemacao.com\/1\/wp-json\/wp\/v2\/media\/106212"}],"wp:attachment":[{"href":"https:\/\/www.caririemacao.com\/1\/wp-json\/wp\/v2\/media?parent=106211"}],"wp:term":[{"taxonomy":"category","embeddable":true,"href":"https:\/\/www.caririemacao.com\/1\/wp-json\/wp\/v2\/categories?post=106211"},{"taxonomy":"post_tag","embeddable":true,"href":"https:\/\/www.caririemacao.com\/1\/wp-json\/wp\/v2\/tags?post=106211"}],"curies":[{"name":"wp","href":"https:\/\/api.w.org\/{rel}","templated":true}]}}