{"id":106217,"date":"2019-07-23T14:08:03","date_gmt":"2019-07-23T17:08:03","guid":{"rendered":"http:\/\/www.caririemacao.com\/1\/?p=106217"},"modified":"2019-07-23T14:08:03","modified_gmt":"2019-07-23T17:08:03","slug":"time-com-refugiados-vence-1o-turno-do-carioca-da-serie-b2","status":"publish","type":"post","link":"https:\/\/www.caririemacao.com\/1\/2019\/07\/23\/time-com-refugiados-vence-1o-turno-do-carioca-da-serie-b2\/","title":{"rendered":"Time com refugiados vence 1\u00ba turno do Carioca da S\u00e9rie B2"},"content":{"rendered":"\n<p>O Est\u00e1dio do Trabalhador, em Resende-RJ, foi palco de uma virada festejada por brasileiros e haitianos. O Per\u00f3las Negras, que nasceu de um trabalho de inclus\u00e3o com refugiados do Haiti, foi campe\u00e3o do primeiro turno do Campeonato Carioca da S\u00e9rie B2.<\/p>\n\n\n\n<p>O Maric\u00e1 saiu na frente no placar da final, mas o brasileiro Andinho marcou duas vezes e trouxe a vit\u00f3ria para a equipe profissional que conta com cinco haitianos. Com a vit\u00f3ria, o P\u00e9rolas Negras garantiu uma vaga na semifinal do campeonato, no qual os dois finalistas sobem para a S\u00e9rie B1.<\/p>\n\n\n\n<p>Com 19 anos, o haitiano Badio Stanlley Saint Nosier conta que a emo\u00e7\u00e3o foi a ainda maior porque o gol da virada foi marcado aos 48 do segundo tempo. &#8220;O futebol tem isso. \u00c0s vezes, voc\u00ea acha que j\u00e1 perdeu, e, nos \u00faltimos minutos, a virada chega&#8221;, conta o atleta, que chegou ao Brasil em 2016 como refugiado e conquistou ontem seu primeiro t\u00edtulo como jogador profissional. &#8220;Vejo claramente que Deus est\u00e1 me ajudando. Por ser refugiado e fazer parte de uma fam\u00edlia aqui com outros jogadores t\u00e3o bons. Conviver com os brasileiros tem sido muito bom&#8221;.<\/p>\n\n\n\n<p>Badio vivia sozinho no Brasil at\u00e9 a chegada de sua m\u00e3e, em maio deste ano. Agora, os dois dividem uma casa em Resende, no sul do estado do Rio de Janeiro. &#8220;Foi muito bom que consegui tirar ela do lugar em que estava vivendo. Foi uma conquista enorme para mim&#8221;, diz ele, que lembra j\u00e1 ter passado at\u00e9 uma semana trancado dentro de casa por causa de tiroteios em sua vizinhan\u00e7a no Haiti. &#8220;Era muito perigoso&#8221;.<\/p>\n\n\n\n<p>Tamb\u00e9m haitiano, Claude Davidson, de 21 anos, acompanhou a vit\u00f3ria de ontem do banco de reservas e conta que o v\u00ea crescimento no desempenho do P\u00e9rolas. &#8220;O treinador est\u00e1 fazendo um trabalho muito bom e criando um clima de fam\u00edlia em que um brinca com o outro e todos s\u00e3o amigos&#8221;, diz ele, que teve muita dificuldade de aprender portugu\u00eas em 2016, quando chegou ao pa\u00eds. &#8220;Uma professora me ajudou muito, me pediu para ouvir m\u00fasica e ver filmes, para entrar no clima dos brasileiros&#8221;.<\/p>\n\n\n\n<p>Claude terminou o ensino m\u00e9dio no Brasil e, al\u00e9m da carreira como atleta, sonha em estudar medicina. No Haiti, ficaram a m\u00e3e, irm\u00e3os e a filha de 2 anos, que mora com a m\u00e3e dela. &#8220;Quero muito ir l\u00e1, mas para passar as f\u00e9rias. N\u00e3o sei qual \u00e9 o meu destino. Estou falando com voc\u00ea hoje e pode ser que amanh\u00e3 eu esteja em outro lugar do Brasil ou em outro pa\u00eds. O que eu quero \u00e9 chegar ainda mais longe&#8221;.<\/p>\n\n\n\n<p>O t\u00e9cnico Luiz Paulo Barbosa tamb\u00e9m lembra que a emo\u00e7\u00e3o do t\u00edtulo invicto foi grande. &#8220;Fomos coroados pela campanha do primeiro turno com uma conquista muito grande. A emo\u00e7\u00e3o \u00e9 de todos n\u00f3s. Somos um grupo pequeno e a alegria foi de todos, inclusive dos haitianos&#8221;, diz ele. &#8220;Os haitianos nos entendem bem no dia a dia, s\u00e3o alegres e contribuem bastante. N\u00e3o ficam se prevalecendo da hist\u00f3ria de ter come\u00e7ado no Haiti. Dou oportunidade a todos&#8221;.<\/p>\n\n\n\n<p>Al\u00e9m dos cinco haitianos, o elenco tem cerca de 20 brasileiros. Nas categorias de base, o P\u00e9rolas Negras conta ainda com s\u00edrios e um venezuelano, no Sub-20. Juan Andr\u00e9s Rodriguez, de 20 anos, veio para o Brasil em 2015 com o pai e o irm\u00e3o mais novo. Sua fam\u00edlia j\u00e1 percebia que a situa\u00e7\u00e3o econ\u00f4mica e social na Venezuela n\u00e3o caminhava bem e decidiu tentar um futuro melhor no Brasil. &#8220;O pa\u00eds estava muito melhor do que agora, mas dava para ver que tudo ia piorar&#8221;.<\/p>\n\n\n\n<p>Juan tentou vagas em v\u00e1rios clubes brasileiros e encontrou no P\u00e9rolas Negras a chance de treinar para ser profissional. &#8220;O t\u00edtulo de ontem foi muito importante, \u00e9 uma conquista que d\u00e1 mais seguran\u00e7a para todos n\u00f3s, porque d\u00e1 mais for\u00e7a ao clube&#8221;.<\/p>\n\n\n\n<p>Iniciada pela Organiza\u00e7\u00e3o n\u00e3o governamental Viva Rio, a Academia de Futebol P\u00e9rolas Negras deve lan\u00e7ar uma loja virtual para arrecadar fundos para o projeto. Para viabilizar a a\u00e7\u00e3o, o funcion\u00e1rios do clube e at\u00e9 mesmo atletas receberam treinamento do Movimento Bora Vender e da plataforma de e-commerce (com\u00e9rcio virtual) XTECH Commerce.&nbsp;<\/p>\n","protected":false},"excerpt":{"rendered":"<p>O Est\u00e1dio do Trabalhador, em Resende-RJ, foi palco de uma virada festejada por brasileiros e haitianos. O Per\u00f3las Negras, que nasceu de um trabalho de&hellip; <\/p>\n","protected":false},"author":1,"featured_media":106218,"comment_status":"closed","ping_status":"closed","sticky":false,"template":"","format":"standard","meta":{"sfsi_plus_gutenberg_text_before_share":"","sfsi_plus_gutenberg_show_text_before_share":"","sfsi_plus_gutenberg_icon_type":"","sfsi_plus_gutenberg_icon_alignemt":"","sfsi_plus_gutenburg_max_per_row":"","footnotes":""},"categories":[13],"tags":[],"class_list":["post-106217","post","type-post","status-publish","format-standard","has-post-thumbnail","hentry","category-esportes"],"_links":{"self":[{"href":"https:\/\/www.caririemacao.com\/1\/wp-json\/wp\/v2\/posts\/106217","targetHints":{"allow":["GET"]}}],"collection":[{"href":"https:\/\/www.caririemacao.com\/1\/wp-json\/wp\/v2\/posts"}],"about":[{"href":"https:\/\/www.caririemacao.com\/1\/wp-json\/wp\/v2\/types\/post"}],"author":[{"embeddable":true,"href":"https:\/\/www.caririemacao.com\/1\/wp-json\/wp\/v2\/users\/1"}],"replies":[{"embeddable":true,"href":"https:\/\/www.caririemacao.com\/1\/wp-json\/wp\/v2\/comments?post=106217"}],"version-history":[{"count":1,"href":"https:\/\/www.caririemacao.com\/1\/wp-json\/wp\/v2\/posts\/106217\/revisions"}],"predecessor-version":[{"id":106219,"href":"https:\/\/www.caririemacao.com\/1\/wp-json\/wp\/v2\/posts\/106217\/revisions\/106219"}],"wp:featuredmedia":[{"embeddable":true,"href":"https:\/\/www.caririemacao.com\/1\/wp-json\/wp\/v2\/media\/106218"}],"wp:attachment":[{"href":"https:\/\/www.caririemacao.com\/1\/wp-json\/wp\/v2\/media?parent=106217"}],"wp:term":[{"taxonomy":"category","embeddable":true,"href":"https:\/\/www.caririemacao.com\/1\/wp-json\/wp\/v2\/categories?post=106217"},{"taxonomy":"post_tag","embeddable":true,"href":"https:\/\/www.caririemacao.com\/1\/wp-json\/wp\/v2\/tags?post=106217"}],"curies":[{"name":"wp","href":"https:\/\/api.w.org\/{rel}","templated":true}]}}