{"id":106223,"date":"2019-07-23T14:22:11","date_gmt":"2019-07-23T17:22:11","guid":{"rendered":"http:\/\/www.caririemacao.com\/1\/?p=106223"},"modified":"2019-07-23T14:22:11","modified_gmt":"2019-07-23T17:22:11","slug":"gestao-de-joao-azevedo-e-aprovada-por-quase-60-dos-paraibanos","status":"publish","type":"post","link":"https:\/\/www.caririemacao.com\/1\/2019\/07\/23\/gestao-de-joao-azevedo-e-aprovada-por-quase-60-dos-paraibanos\/","title":{"rendered":"Gest\u00e3o de Jo\u00e3o Azev\u00eado \u00e9 aprovada por quase 60% dos paraibanos"},"content":{"rendered":"\n<figure class=\"wp-block-image\"><a href=\"http:\/\/noticiasemdestaque.com\/cd\/wp-content\/uploads\/2018\/10\/joao-azevedo.jpg\"><img decoding=\"async\" data-src=\"http:\/\/noticiasemdestaque.com\/cd\/wp-content\/uploads\/2018\/10\/joao-azevedo.jpg\" alt=\"\" class=\"wp-image-13147 lazyload\" src=\"data:image\/svg+xml;base64,PHN2ZyB3aWR0aD0iMSIgaGVpZ2h0PSIxIiB4bWxucz0iaHR0cDovL3d3dy53My5vcmcvMjAwMC9zdmciPjwvc3ZnPg==\" \/><\/a><\/figure>\n\n\n\n<p>A gest\u00e3o do governador da Para\u00edba, Jo\u00e3o Azev\u00eado (PSB), \u00e9 aprovada por 58,7% da popula\u00e7\u00e3o. \u00c9 o que aponta uma pesquisa realizada pelo Instituto Opini\u00e3o, divulgada pelo Sistema Arapuan de Comunica\u00e7\u00e3o, nesta segunda-feira (22), avaliando os seis primeiros meses de administra\u00e7\u00e3o.<\/p>\n\n\n\n<p>Segundo a pesquisa, a gest\u00e3o de Azevedo obteve 44,6% de \u00f3timo e bom, enquanto apenas 12,2% o consideraram ruim e p\u00e9ssimo. A desaprova\u00e7\u00e3o ficou em 19,4%, bem abaixo do \u00edndice de apoio ao governo. O Instituto Opini\u00e3o ouviu 1.300 entrevistados, entre os dias 14, 15 e 16 de julho, em 50 cidades do Estado. Do total, 16,1% n\u00e3o souberam ou n\u00e3o opinaram.<\/p>\n\n\n\n<p>Empossado no dia 1\u00ba de janeiro de 2019, o socialista conquistou a maioria em todas as quatro macrorregi\u00e3o da Para\u00edba. Os n\u00fameros apontam que a maior aprova\u00e7\u00e3o do governo Jo\u00e3o Azev\u00eado foi registrada na regi\u00e3o da Zona da Mata, onde est\u00e3o inseridos os munic\u00edpios da Grande Jo\u00e3o Pessoa: 67,1% disseram aprovar a gest\u00e3o.<\/p>\n\n\n\n<p>No Sert\u00e3o, a aprova\u00e7\u00e3o foi de 57,1%. J\u00e1 o Agreste registrou 52%, enquanto 51,5% aprovam a gest\u00e3o na Borborema.<\/p>\n","protected":false},"excerpt":{"rendered":"<p>A gest\u00e3o do governador da Para\u00edba, Jo\u00e3o Azev\u00eado (PSB), \u00e9 aprovada por 58,7% da popula\u00e7\u00e3o. \u00c9 o que aponta uma pesquisa realizada pelo Instituto Opini\u00e3o,&hellip; <\/p>\n","protected":false},"author":1,"featured_media":99189,"comment_status":"closed","ping_status":"closed","sticky":false,"template":"","format":"standard","meta":{"sfsi_plus_gutenberg_text_before_share":"","sfsi_plus_gutenberg_show_text_before_share":"","sfsi_plus_gutenberg_icon_type":"","sfsi_plus_gutenberg_icon_alignemt":"","sfsi_plus_gutenburg_max_per_row":"","footnotes":""},"categories":[50,2],"tags":[],"class_list":["post-106223","post","type-post","status-publish","format-standard","has-post-thumbnail","hentry","category-destaque","category-geral"],"_links":{"self":[{"href":"https:\/\/www.caririemacao.com\/1\/wp-json\/wp\/v2\/posts\/106223","targetHints":{"allow":["GET"]}}],"collection":[{"href":"https:\/\/www.caririemacao.com\/1\/wp-json\/wp\/v2\/posts"}],"about":[{"href":"https:\/\/www.caririemacao.com\/1\/wp-json\/wp\/v2\/types\/post"}],"author":[{"embeddable":true,"href":"https:\/\/www.caririemacao.com\/1\/wp-json\/wp\/v2\/users\/1"}],"replies":[{"embeddable":true,"href":"https:\/\/www.caririemacao.com\/1\/wp-json\/wp\/v2\/comments?post=106223"}],"version-history":[{"count":1,"href":"https:\/\/www.caririemacao.com\/1\/wp-json\/wp\/v2\/posts\/106223\/revisions"}],"predecessor-version":[{"id":106224,"href":"https:\/\/www.caririemacao.com\/1\/wp-json\/wp\/v2\/posts\/106223\/revisions\/106224"}],"wp:featuredmedia":[{"embeddable":true,"href":"https:\/\/www.caririemacao.com\/1\/wp-json\/wp\/v2\/media\/99189"}],"wp:attachment":[{"href":"https:\/\/www.caririemacao.com\/1\/wp-json\/wp\/v2\/media?parent=106223"}],"wp:term":[{"taxonomy":"category","embeddable":true,"href":"https:\/\/www.caririemacao.com\/1\/wp-json\/wp\/v2\/categories?post=106223"},{"taxonomy":"post_tag","embeddable":true,"href":"https:\/\/www.caririemacao.com\/1\/wp-json\/wp\/v2\/tags?post=106223"}],"curies":[{"name":"wp","href":"https:\/\/api.w.org\/{rel}","templated":true}]}}