{"id":106236,"date":"2019-07-23T15:14:09","date_gmt":"2019-07-23T18:14:09","guid":{"rendered":"http:\/\/www.caririemacao.com\/1\/?p=106236"},"modified":"2019-07-23T15:14:09","modified_gmt":"2019-07-23T18:14:09","slug":"quadrilhas-julinas-continua-sendo-sucesso-em-sao-sebastiao-do-umbuzeiro","status":"publish","type":"post","link":"https:\/\/www.caririemacao.com\/1\/2019\/07\/23\/quadrilhas-julinas-continua-sendo-sucesso-em-sao-sebastiao-do-umbuzeiro\/","title":{"rendered":"Quadrilhas Julinas continua sendo sucesso em S\u00e3o Sebasti\u00e3o do Umbuzeiro"},"content":{"rendered":"\n<p><br>Foi realizado neste s\u00e1bado (20), em S\u00e3o Sebasti\u00e3o do Umbuzeiro, o Arrai\u00e1 Julino da Rua Manoel Figueredo, onde foi oferecido para o p\u00fablico muito Forr\u00f3, com Claudenir Fernandes e comidas t\u00edpicas da \u00e9poca deixando a noite repleta de anima\u00e7\u00f5es.<\/p>\n\n\n\n<p>As Quadrilhas Julinas, s\u00f3 acontece fora de \u00e9poca no munic\u00edpio de S\u00e3o Sebasti\u00e3o do Umbuzeiro, que tem o apoio total da Prefeitura Municipal.<\/p>\n\n\n\n<p>Ainda haver\u00e1 duas quadrilhas, que ser\u00e3o realizadas nos dias 26 e 27 de Julho, encerrando o maior festival de quadrilhas da Para\u00edba.<\/p>\n\n\n\n<p>Os organizadores, agradeceram a todos que participaram do evento e ao publico que foi prestigiar o arrai\u00e1 Julino da Rua Manoel Figueredo.<\/p>\n","protected":false},"excerpt":{"rendered":"<p>Foi realizado neste s\u00e1bado (20), em S\u00e3o Sebasti\u00e3o do Umbuzeiro, o Arrai\u00e1 Julino da Rua Manoel Figueredo, onde foi oferecido para o p\u00fablico muito Forr\u00f3,&hellip; <\/p>\n","protected":false},"author":1,"featured_media":106237,"comment_status":"closed","ping_status":"closed","sticky":false,"template":"","format":"standard","meta":{"sfsi_plus_gutenberg_text_before_share":"","sfsi_plus_gutenberg_show_text_before_share":"","sfsi_plus_gutenberg_icon_type":"","sfsi_plus_gutenberg_icon_alignemt":"","sfsi_plus_gutenburg_max_per_row":"","footnotes":""},"categories":[6,50],"tags":[],"class_list":["post-106236","post","type-post","status-publish","format-standard","has-post-thumbnail","hentry","category-cidades","category-destaque"],"_links":{"self":[{"href":"https:\/\/www.caririemacao.com\/1\/wp-json\/wp\/v2\/posts\/106236","targetHints":{"allow":["GET"]}}],"collection":[{"href":"https:\/\/www.caririemacao.com\/1\/wp-json\/wp\/v2\/posts"}],"about":[{"href":"https:\/\/www.caririemacao.com\/1\/wp-json\/wp\/v2\/types\/post"}],"author":[{"embeddable":true,"href":"https:\/\/www.caririemacao.com\/1\/wp-json\/wp\/v2\/users\/1"}],"replies":[{"embeddable":true,"href":"https:\/\/www.caririemacao.com\/1\/wp-json\/wp\/v2\/comments?post=106236"}],"version-history":[{"count":1,"href":"https:\/\/www.caririemacao.com\/1\/wp-json\/wp\/v2\/posts\/106236\/revisions"}],"predecessor-version":[{"id":106238,"href":"https:\/\/www.caririemacao.com\/1\/wp-json\/wp\/v2\/posts\/106236\/revisions\/106238"}],"wp:featuredmedia":[{"embeddable":true,"href":"https:\/\/www.caririemacao.com\/1\/wp-json\/wp\/v2\/media\/106237"}],"wp:attachment":[{"href":"https:\/\/www.caririemacao.com\/1\/wp-json\/wp\/v2\/media?parent=106236"}],"wp:term":[{"taxonomy":"category","embeddable":true,"href":"https:\/\/www.caririemacao.com\/1\/wp-json\/wp\/v2\/categories?post=106236"},{"taxonomy":"post_tag","embeddable":true,"href":"https:\/\/www.caririemacao.com\/1\/wp-json\/wp\/v2\/tags?post=106236"}],"curies":[{"name":"wp","href":"https:\/\/api.w.org\/{rel}","templated":true}]}}