{"id":106243,"date":"2019-07-23T15:34:17","date_gmt":"2019-07-23T18:34:17","guid":{"rendered":"http:\/\/www.caririemacao.com\/1\/?p=106243"},"modified":"2019-07-23T15:34:17","modified_gmt":"2019-07-23T18:34:17","slug":"prefeito-do-sertao-visita-escola-de-monteiro-para-conhecer-experiencias","status":"publish","type":"post","link":"https:\/\/www.caririemacao.com\/1\/2019\/07\/23\/prefeito-do-sertao-visita-escola-de-monteiro-para-conhecer-experiencias\/","title":{"rendered":"Prefeito do Sert\u00e3o visita Escola de Monteiro para conhecer experi\u00eancias"},"content":{"rendered":"\n<p>A Escola Municipal Prof.\u00aa Maria Lauric\u00e9ia Freitas recebeu uma equipe t\u00e9cnica da Educa\u00e7\u00e3o do munic\u00edpio de Uira\u00fana, no Sert\u00e3o paraibano, liderados pelo prefeito Dr. Bosco, para conhecer uma das experi\u00eancias mais exitosa e premiadas de Monteiro.<br><\/p>\n\n\n\n<figure class=\"wp-block-image\"><a href=\"http:\/\/caririligado.com.br\/wp-content\/themes\/cariri-ligado\/timthumb.php?src=http:\/\/caririligado.com.br\/wp-content\/uploads\/2019\/07\/003-35.jpeg&amp;w=547&amp;h=398&amp;zc=1\"><img decoding=\"async\" data-src=\"https:\/\/lh3.googleusercontent.com\/proxy\/tKWLn1dBXUQc9erKlJjK75fB_PWtofxGtMR_cdPglIauMtQQ268C21n5t7NJkb-sECUyMYtEaJyqucDDv0fCsaXK9Xdet2U98VyAXHRQf56Q6MnaBK8O_XaCG5qJ_Mo1H40c-KSrL7sMz0zr8naP55tdmVhfRp8chQEqjLwmczuCcmxWWTi2SyXSbHe1_jjFAgGxnRGUYQUqPgaEBadM5d4ENXMQdM0RLjTaUBXJAEFrtCA=s0-d\" alt=\"Sa\u00c3\u00bade de Sum\u00c3\u00a9 abre Processo Seletivo para contrata\u00c3\u00a7\u00c3\u00a3o de nutricionista\" src=\"data:image\/svg+xml;base64,PHN2ZyB3aWR0aD0iMSIgaGVpZ2h0PSIxIiB4bWxucz0iaHR0cDovL3d3dy53My5vcmcvMjAwMC9zdmciPjwvc3ZnPg==\" class=\"lazyload\" \/><\/a><\/figure>\n\n\n\n<p>O Programa Jovens Empreendedores Primeiros Passos \u2013 JEPP foi implantado em Monteiro atrav\u00e9s de parceria entre a Secretaria Municipal de Educa\u00e7\u00e3o da cidade e o SEBRAE, e tem como objetivo inserir conhecimentos da cultura empreendedora aos alunos das escolas selecionadas do munic\u00edpio. O projeto contemplou primeiro a Escola Tiradentes, em seguida a Escola Prof.\u00aa Maria Lauric\u00e9ia Freitas e Adalice Rem\u00edgio Gomes.&nbsp;<br>Em Monteiro, esta parceria tem sido exitosa e seus resultados s\u00e3o amplamente difundidos e observados por outros munic\u00edpios da Para\u00edba. Na \u00faltima semana a equipe de Uira\u00fana foi recebida e pode realizar uma imers\u00e3o nas atividades realizadas em sala de aula.<br>Para a Secret\u00e1ria de Educa\u00e7\u00e3o do munic\u00edpio, Ana Lima, estes s\u00e3o momentos de reconhecimento do trabalho realizado onde pode-se observar o interesse e desenvolvimento do aluno de acordo com o treinamento repassado aos educadores.<br>J\u00e1 Patr\u00edcia Barros, coordenadora do JEPP, acrescenta que Monteiro \u00e9 vitrine para toda Para\u00edba, e diz que a experi\u00eancia obtida no munic\u00edpio foi espantosa e muito bem-sucedida devido ao esfor\u00e7o dos professores, alunos, administra\u00e7\u00e3o e SEBRAE. \u201cPrecisamos repassar este conhecimento a fim de mais crian\u00e7as possam trabalhar suas habilidades e descobrir novas potencialidades\u201d, finaliza.<\/p>\n","protected":false},"excerpt":{"rendered":"<p>A Escola Municipal Prof.\u00aa Maria Lauric\u00e9ia Freitas recebeu uma equipe t\u00e9cnica da Educa\u00e7\u00e3o do munic\u00edpio de Uira\u00fana, no Sert\u00e3o paraibano, liderados pelo prefeito Dr. Bosco,&hellip; <\/p>\n","protected":false},"author":1,"featured_media":106244,"comment_status":"closed","ping_status":"closed","sticky":false,"template":"","format":"standard","meta":{"sfsi_plus_gutenberg_text_before_share":"","sfsi_plus_gutenberg_show_text_before_share":"","sfsi_plus_gutenberg_icon_type":"","sfsi_plus_gutenberg_icon_alignemt":"","sfsi_plus_gutenburg_max_per_row":"","footnotes":""},"categories":[50,2],"tags":[],"class_list":["post-106243","post","type-post","status-publish","format-standard","has-post-thumbnail","hentry","category-destaque","category-geral"],"_links":{"self":[{"href":"https:\/\/www.caririemacao.com\/1\/wp-json\/wp\/v2\/posts\/106243","targetHints":{"allow":["GET"]}}],"collection":[{"href":"https:\/\/www.caririemacao.com\/1\/wp-json\/wp\/v2\/posts"}],"about":[{"href":"https:\/\/www.caririemacao.com\/1\/wp-json\/wp\/v2\/types\/post"}],"author":[{"embeddable":true,"href":"https:\/\/www.caririemacao.com\/1\/wp-json\/wp\/v2\/users\/1"}],"replies":[{"embeddable":true,"href":"https:\/\/www.caririemacao.com\/1\/wp-json\/wp\/v2\/comments?post=106243"}],"version-history":[{"count":1,"href":"https:\/\/www.caririemacao.com\/1\/wp-json\/wp\/v2\/posts\/106243\/revisions"}],"predecessor-version":[{"id":106245,"href":"https:\/\/www.caririemacao.com\/1\/wp-json\/wp\/v2\/posts\/106243\/revisions\/106245"}],"wp:featuredmedia":[{"embeddable":true,"href":"https:\/\/www.caririemacao.com\/1\/wp-json\/wp\/v2\/media\/106244"}],"wp:attachment":[{"href":"https:\/\/www.caririemacao.com\/1\/wp-json\/wp\/v2\/media?parent=106243"}],"wp:term":[{"taxonomy":"category","embeddable":true,"href":"https:\/\/www.caririemacao.com\/1\/wp-json\/wp\/v2\/categories?post=106243"},{"taxonomy":"post_tag","embeddable":true,"href":"https:\/\/www.caririemacao.com\/1\/wp-json\/wp\/v2\/tags?post=106243"}],"curies":[{"name":"wp","href":"https:\/\/api.w.org\/{rel}","templated":true}]}}