{"id":106249,"date":"2019-07-23T15:37:11","date_gmt":"2019-07-23T18:37:11","guid":{"rendered":"http:\/\/www.caririemacao.com\/1\/?p=106249"},"modified":"2019-07-23T15:37:11","modified_gmt":"2019-07-23T18:37:11","slug":"saude-de-sume-abre-processo-seletivo-para-contratacao-de-nutricionista","status":"publish","type":"post","link":"https:\/\/www.caririemacao.com\/1\/2019\/07\/23\/saude-de-sume-abre-processo-seletivo-para-contratacao-de-nutricionista\/","title":{"rendered":"Sa\u00fade de Sum\u00e9 abre Processo Seletivo para contrata\u00e7\u00e3o de nutricionista"},"content":{"rendered":"\n<p>A Secretaria de Sa\u00fade de Sum\u00e9 abriu inscri\u00e7\u00f5es de Processo Seletivo Simplificado para contrata\u00e7\u00e3o de Nutricionista que dever\u00e1 atuar no Nasf, com carga hor\u00e1ria de 40h semanais e remunera\u00e7\u00e3o de R$ 2.000,00.<br>As inscri\u00e7\u00f5es v\u00e3o de 24 de julho a 31 de julho, do corrente ano, das 08h \u00e0s 13h, e devem ser feitas na sede da Secretaria Municipal de Sa\u00fade pelo pr\u00f3prio candidato ou por terceiro, desde que esteja munido de procura\u00e7\u00e3o p\u00fablica ou particular (com firma reconhecida) com poderes para representar o candidato.<br>A inscri\u00e7\u00e3o do candidato se far\u00e1 mediante entrega de curr\u00edculo acompanhado da documenta\u00e7\u00e3o comprobat\u00f3ria.<br>A taxa de inscri\u00e7\u00e3o para o Processo Seletivo Simplificado ser\u00e1 de R$ 100,00 (cem reais) que dever\u00e1 ser pago diretamente ao servidor respons\u00e1vel pela inscri\u00e7\u00e3o.<br>O processo de sele\u00e7\u00e3o ser\u00e1 constitu\u00eddo da \u00fanica etapa \u2013 an\u00e1lise curricular \u2013 car\u00e1ter eliminat\u00f3rio e classificat\u00f3rio.<br>Confira o Edital clicando\u00a0<a href=\"http:\/\/www.sume.pb.gov.br\/wp-content\/uploads\/2019\/07\/Edital-Processo-Seletivo-Simplificado_Nutricionista-Nasf.pdf\">aqui<\/a><\/p>\n","protected":false},"excerpt":{"rendered":"<p>A Secretaria de Sa\u00fade de Sum\u00e9 abriu inscri\u00e7\u00f5es de Processo Seletivo Simplificado para contrata\u00e7\u00e3o de Nutricionista que dever\u00e1 atuar no Nasf, com carga hor\u00e1ria de&hellip; <\/p>\n","protected":false},"author":1,"featured_media":96472,"comment_status":"closed","ping_status":"closed","sticky":false,"template":"","format":"standard","meta":{"sfsi_plus_gutenberg_text_before_share":"","sfsi_plus_gutenberg_show_text_before_share":"","sfsi_plus_gutenberg_icon_type":"","sfsi_plus_gutenberg_icon_alignemt":"","sfsi_plus_gutenburg_max_per_row":"","footnotes":""},"categories":[2],"tags":[],"class_list":["post-106249","post","type-post","status-publish","format-standard","has-post-thumbnail","hentry","category-geral"],"_links":{"self":[{"href":"https:\/\/www.caririemacao.com\/1\/wp-json\/wp\/v2\/posts\/106249","targetHints":{"allow":["GET"]}}],"collection":[{"href":"https:\/\/www.caririemacao.com\/1\/wp-json\/wp\/v2\/posts"}],"about":[{"href":"https:\/\/www.caririemacao.com\/1\/wp-json\/wp\/v2\/types\/post"}],"author":[{"embeddable":true,"href":"https:\/\/www.caririemacao.com\/1\/wp-json\/wp\/v2\/users\/1"}],"replies":[{"embeddable":true,"href":"https:\/\/www.caririemacao.com\/1\/wp-json\/wp\/v2\/comments?post=106249"}],"version-history":[{"count":1,"href":"https:\/\/www.caririemacao.com\/1\/wp-json\/wp\/v2\/posts\/106249\/revisions"}],"predecessor-version":[{"id":106250,"href":"https:\/\/www.caririemacao.com\/1\/wp-json\/wp\/v2\/posts\/106249\/revisions\/106250"}],"wp:featuredmedia":[{"embeddable":true,"href":"https:\/\/www.caririemacao.com\/1\/wp-json\/wp\/v2\/media\/96472"}],"wp:attachment":[{"href":"https:\/\/www.caririemacao.com\/1\/wp-json\/wp\/v2\/media?parent=106249"}],"wp:term":[{"taxonomy":"category","embeddable":true,"href":"https:\/\/www.caririemacao.com\/1\/wp-json\/wp\/v2\/categories?post=106249"},{"taxonomy":"post_tag","embeddable":true,"href":"https:\/\/www.caririemacao.com\/1\/wp-json\/wp\/v2\/tags?post=106249"}],"curies":[{"name":"wp","href":"https:\/\/api.w.org\/{rel}","templated":true}]}}