{"id":106264,"date":"2019-07-23T17:18:19","date_gmt":"2019-07-23T20:18:19","guid":{"rendered":"http:\/\/www.caririemacao.com\/1\/?p=106264"},"modified":"2019-07-23T17:18:19","modified_gmt":"2019-07-23T20:18:19","slug":"alvo-de-criticas-ancine-libera-verba-para-documentario-sobre-bolsonaro","status":"publish","type":"post","link":"https:\/\/www.caririemacao.com\/1\/2019\/07\/23\/alvo-de-criticas-ancine-libera-verba-para-documentario-sobre-bolsonaro\/","title":{"rendered":"Alvo de cr\u00edticas, Ancine libera verba para document\u00e1rio sobre Bolsonaro"},"content":{"rendered":"\n<p>Ap\u00f3s ser alvo de cr\u00edticas pelo presidente Bolsonaro quanto ao tipo de produ\u00e7\u00e3o audiovisual, a Ag\u00eancia Nacional do Cinema (Ancine) acaba de autorizar a capta\u00e7\u00e3o de R$ 530 mil para a produ\u00e7\u00e3o de um document\u00e1rio sobre Jair Bolsonaro. A obra \u201cNem Tudo se Desfaz\u201d, do diretor Josias Te\u00f3filo, pretende partir das Jornadas de Junho 2013 para explicar as transforma\u00e7\u00f5es culturais e pol\u00edticas que levaram \u00e0 ascens\u00e3o de Bolsonaro \u00e0 presid\u00eancia nas elei\u00e7\u00f5es de 2018.<\/p>\n\n\n\n<p>O an\u00fancio foi feito nas redes sociais do filho de Bolsonaro, Eduardo, que \u00e9 deputado federal por S\u00e3o Paulo. Ele divulgou a postagem com os seguintes dizeres: &#8220;Vem a\u00ed o document\u00e1rio para impedir que a esquerda siga com a hegemonia cultural dizendo para o mundo o que \u00e9 verdade no Brasil, pois sabemos que n\u00e3o \u00e9.&nbsp;<a href=\"https:\/\/twitter.com\/josiasteofilo\">@josiasteofilo<\/a><a href=\"https:\/\/twitter.com\/nemtudosedesfaz\">@nemtudosedesfa<\/a>&#8220;, descando a dire\u00e7\u00e3o e o nome da obra.&nbsp;<br><\/p>\n\n\n\n<p>Te\u00f3filo, \u201ccuriosamente\u201d, \u00e9 o mesmo diretor do filme \u201cO Jardim das Afli\u00e7\u00f5es\u201d, obra que narra a vida, a obra, a trajet\u00f3ria e o pensamento filos\u00f3fico de Olavo de Carvalho, o guru do atual governo.<\/p>\n\n\n\n<p>A nova produ\u00e7\u00e3o vem sendo anunciada como uma alternativa conservadora ao filme \u201cDemocracia em Vertigem\u201d, da diretora Petra Costa. Os apoiadores do governo j\u00e1 sinalizam entusiasmo com a produ\u00e7\u00e3o, caso de Eduardo Bolsonaro e o pr\u00f3prio Olavo,<\/p>\n","protected":false},"excerpt":{"rendered":"<p>Ap\u00f3s ser alvo de cr\u00edticas pelo presidente Bolsonaro quanto ao tipo de produ\u00e7\u00e3o audiovisual, a Ag\u00eancia Nacional do Cinema (Ancine) acaba de autorizar a capta\u00e7\u00e3o&hellip; <\/p>\n","protected":false},"author":1,"featured_media":106265,"comment_status":"closed","ping_status":"closed","sticky":false,"template":"","format":"standard","meta":{"sfsi_plus_gutenberg_text_before_share":"","sfsi_plus_gutenberg_show_text_before_share":"","sfsi_plus_gutenberg_icon_type":"","sfsi_plus_gutenberg_icon_alignemt":"","sfsi_plus_gutenburg_max_per_row":"","footnotes":""},"categories":[11],"tags":[],"class_list":["post-106264","post","type-post","status-publish","format-standard","has-post-thumbnail","hentry","category-politica"],"_links":{"self":[{"href":"https:\/\/www.caririemacao.com\/1\/wp-json\/wp\/v2\/posts\/106264","targetHints":{"allow":["GET"]}}],"collection":[{"href":"https:\/\/www.caririemacao.com\/1\/wp-json\/wp\/v2\/posts"}],"about":[{"href":"https:\/\/www.caririemacao.com\/1\/wp-json\/wp\/v2\/types\/post"}],"author":[{"embeddable":true,"href":"https:\/\/www.caririemacao.com\/1\/wp-json\/wp\/v2\/users\/1"}],"replies":[{"embeddable":true,"href":"https:\/\/www.caririemacao.com\/1\/wp-json\/wp\/v2\/comments?post=106264"}],"version-history":[{"count":1,"href":"https:\/\/www.caririemacao.com\/1\/wp-json\/wp\/v2\/posts\/106264\/revisions"}],"predecessor-version":[{"id":106266,"href":"https:\/\/www.caririemacao.com\/1\/wp-json\/wp\/v2\/posts\/106264\/revisions\/106266"}],"wp:featuredmedia":[{"embeddable":true,"href":"https:\/\/www.caririemacao.com\/1\/wp-json\/wp\/v2\/media\/106265"}],"wp:attachment":[{"href":"https:\/\/www.caririemacao.com\/1\/wp-json\/wp\/v2\/media?parent=106264"}],"wp:term":[{"taxonomy":"category","embeddable":true,"href":"https:\/\/www.caririemacao.com\/1\/wp-json\/wp\/v2\/categories?post=106264"},{"taxonomy":"post_tag","embeddable":true,"href":"https:\/\/www.caririemacao.com\/1\/wp-json\/wp\/v2\/tags?post=106264"}],"curies":[{"name":"wp","href":"https:\/\/api.w.org\/{rel}","templated":true}]}}