{"id":106271,"date":"2019-07-23T17:21:46","date_gmt":"2019-07-23T20:21:46","guid":{"rendered":"http:\/\/www.caririemacao.com\/1\/?p=106271"},"modified":"2019-07-23T17:21:46","modified_gmt":"2019-07-23T20:21:46","slug":"anvisa-aprova-marco-regulatorio-dos-agrotoxicos","status":"publish","type":"post","link":"https:\/\/www.caririemacao.com\/1\/2019\/07\/23\/anvisa-aprova-marco-regulatorio-dos-agrotoxicos\/","title":{"rendered":"Anvisa aprova marco regulat\u00f3rio dos agrot\u00f3xicos"},"content":{"rendered":"\n<p><br>A Ag\u00eancia Nacional de Vigil\u00e2ncia Sanit\u00e1ria (Anvisa) aprovou hoje (23) o marco regulat\u00f3rio para agrot\u00f3xicos. Al\u00e9m de atualizar e dar maior clareza aos crit\u00e9rios adotados para avalia\u00e7\u00e3o e classifica\u00e7\u00e3o toxicol\u00f3gica desse tipo de produto, o novo marco prev\u00ea altera\u00e7\u00f5es nos r\u00f3tulos e na bula dos agrot\u00f3xicos para facilitar a identifica\u00e7\u00e3o de riscos para a sa\u00fade humana. A mudan\u00e7a envolve regras de disposi\u00e7\u00e3o de informa\u00e7\u00f5es, palavras e imagens de alerta.<\/p>\n\n\n\n<p>As empresas ter\u00e3o um ano para se adaptarem \u00e0s novas regras. O prazo contar\u00e1 a partir da publica\u00e7\u00e3o do novo marco no&nbsp;<em>Di\u00e1rio Oficial da Uni\u00e3o<\/em>, prevista para os pr\u00f3ximos dias. Em rela\u00e7\u00e3o aos produtos que j\u00e1 est\u00e3o em circula\u00e7\u00e3o, a reclassifica\u00e7\u00e3o ser\u00e1 feita pela Anvisa que publicou edital requerendo informa\u00e7\u00f5es sobre os produtos. De acordo a ag\u00eancia, j\u00e1 foram enviados dados para reclassifica\u00e7\u00e3o de aproximadamente 1.950 agrot\u00f3xicos registrados no Brasil, quase 85% do volume total (2.300) em circula\u00e7\u00e3o.<\/p>\n\n\n\n<p>O marco regulat\u00f3rio dos agrot\u00f3xicos foi criado em harmonia com regras internacionais seguidas pelos pa\u00edses da Uni\u00e3o Europeia e da \u00c1sia, o que, segundo a Anvisa,&nbsp; fortalece as condi\u00e7\u00f5es de comercializa\u00e7\u00e3o de produtos nacionais no exterior, al\u00e9m de garantir mais clareza de informa\u00e7\u00f5es.<\/p>\n\n\n\n<p>\u201cA rotulagem \u00e9 o que publiciza a avalia\u00e7\u00e3o do risco dos produtos. Por isso, a sociedade precisa conhecer o r\u00f3tulo\u201d, disse o diretor da ag\u00eancia Renato Porto, ap\u00f3s participar da reuni\u00e3o que aprovou o documento. &#8220;Ser\u00e1 poss\u00edvel comunicar melhor os perigos ao agricultor, que \u00e9 mais vulner\u00e1vel \u00e0s subst\u00e2ncias por ser quem manipula tais produtos&#8221;, acrescentou.<\/p>\n\n\n\n<p>A classifica\u00e7\u00e3o da toxidade dos produtos prevista no marco poder\u00e1 ser determinada a partir dos componentes presentes nos produtos, impurezas ou na compara\u00e7\u00e3o com produtos similares. Para cada categoria, haver\u00e1 a indica\u00e7\u00e3o de danos poss\u00edvel em caso de contato com a boca (oral), pele (d\u00e9rmico) e nariz (inalat\u00f3ria).<\/p>\n\n\n\n<p>Produtos \u201cExtremamente T\u00f3xicos\u201d e \u201cAltamente T\u00f3xicos\u201d &#8211; categorias 1 e 2, respectivamente &#8211; ter\u00e3o uma faixa de advert\u00eancia vermelha. Produtos \u201cModeradamente T\u00f3xicos\u201d (categoria 3) ter\u00e3o uma faixa de advert\u00eancia amarela. J\u00e1 os produtos \u201cPouco T\u00f3xico\u201d e \u201cImprov\u00e1vel de Causar Dano Agudo\u201d &#8211; categorias 4 e 5 &#8211; ter\u00e3o uma faixa azul.<\/p>\n\n\n\n<p>De acordo com a autoridade sanit\u00e1ria, nos processos de registro e monitoramento de agrot\u00f3xicos cabe \u00e0 Anvisa avaliar quest\u00f5es relacionadas \u00e0 sa\u00fade humana. Ao Instituto Brasileiro do Meio Ambiente e dos Recursos Naturais Renov\u00e1veis (Ibama) cabem responsabilidades relacionadas \u00e0s quest\u00f5es ambientais. J\u00e1 as quest\u00f5es agron\u00f4micas e o registro de uso agr\u00edcola ficam a cargo do Minist\u00e9rio da Agricultura, Pecu\u00e1ria e Abastecimento (Mapa).<\/p>\n","protected":false},"excerpt":{"rendered":"<p>A Ag\u00eancia Nacional de Vigil\u00e2ncia Sanit\u00e1ria (Anvisa) aprovou hoje (23) o marco regulat\u00f3rio para agrot\u00f3xicos. Al\u00e9m de atualizar e dar maior clareza aos crit\u00e9rios adotados&hellip; <\/p>\n","protected":false},"author":1,"featured_media":106272,"comment_status":"closed","ping_status":"closed","sticky":false,"template":"","format":"standard","meta":{"sfsi_plus_gutenberg_text_before_share":"","sfsi_plus_gutenberg_show_text_before_share":"","sfsi_plus_gutenberg_icon_type":"","sfsi_plus_gutenberg_icon_alignemt":"","sfsi_plus_gutenburg_max_per_row":"","footnotes":""},"categories":[2],"tags":[],"class_list":["post-106271","post","type-post","status-publish","format-standard","has-post-thumbnail","hentry","category-geral"],"_links":{"self":[{"href":"https:\/\/www.caririemacao.com\/1\/wp-json\/wp\/v2\/posts\/106271","targetHints":{"allow":["GET"]}}],"collection":[{"href":"https:\/\/www.caririemacao.com\/1\/wp-json\/wp\/v2\/posts"}],"about":[{"href":"https:\/\/www.caririemacao.com\/1\/wp-json\/wp\/v2\/types\/post"}],"author":[{"embeddable":true,"href":"https:\/\/www.caririemacao.com\/1\/wp-json\/wp\/v2\/users\/1"}],"replies":[{"embeddable":true,"href":"https:\/\/www.caririemacao.com\/1\/wp-json\/wp\/v2\/comments?post=106271"}],"version-history":[{"count":1,"href":"https:\/\/www.caririemacao.com\/1\/wp-json\/wp\/v2\/posts\/106271\/revisions"}],"predecessor-version":[{"id":106273,"href":"https:\/\/www.caririemacao.com\/1\/wp-json\/wp\/v2\/posts\/106271\/revisions\/106273"}],"wp:featuredmedia":[{"embeddable":true,"href":"https:\/\/www.caririemacao.com\/1\/wp-json\/wp\/v2\/media\/106272"}],"wp:attachment":[{"href":"https:\/\/www.caririemacao.com\/1\/wp-json\/wp\/v2\/media?parent=106271"}],"wp:term":[{"taxonomy":"category","embeddable":true,"href":"https:\/\/www.caririemacao.com\/1\/wp-json\/wp\/v2\/categories?post=106271"},{"taxonomy":"post_tag","embeddable":true,"href":"https:\/\/www.caririemacao.com\/1\/wp-json\/wp\/v2\/tags?post=106271"}],"curies":[{"name":"wp","href":"https:\/\/api.w.org\/{rel}","templated":true}]}}