{"id":106285,"date":"2019-07-24T00:27:07","date_gmt":"2019-07-24T03:27:07","guid":{"rendered":"http:\/\/www.caririemacao.com\/1\/?p=106285"},"modified":"2019-07-24T00:27:07","modified_gmt":"2019-07-24T03:27:07","slug":"joao-azevedo-lanca-pbtec-para-a-agricultura-familiar-e-libera-bolsas-para-jovens-da-zona-rural","status":"publish","type":"post","link":"https:\/\/www.caririemacao.com\/1\/2019\/07\/24\/joao-azevedo-lanca-pbtec-para-a-agricultura-familiar-e-libera-bolsas-para-jovens-da-zona-rural\/","title":{"rendered":"Jo\u00e3o Azev\u00eado lan\u00e7a PBTec para a Agricultura Familiar e libera bolsas para jovens da Zona Rural"},"content":{"rendered":"\n<p>O governador Jo\u00e3o Azev\u00eado participou, nesta ter\u00e7a-feira (23), de solenidade em alus\u00e3o \u00e0 Semana da Agricultura Familiar, realizada na Federa\u00e7\u00e3o das Ind\u00fastrias do Estado da Para\u00edba (Fiep), em Campina Grande. Durante o evento, o gestor lan\u00e7ou o programa PBTec \u2013 Agricultura Familiar, uma a\u00e7\u00e3o promovida pelas Secretarias de Estado da Agricultura Familiar e Desenvolvimento do Semi\u00e1rido e da Educa\u00e7\u00e3o, Ci\u00eancia e Tecnologia, que visa capacitar e integrar os jovens rurais com as novas tecnologias.<\/p>\n\n\n\n<p>Al\u00e9m disso, foram assinados 225 contratos de bolsas para alunos de escolas estaduais e universidades p\u00fablicas dos munic\u00edpios atendidos pelo Procase, em parceria com a Fapesq, que representam um investimento superior a R$ 660 mil.<\/p>\n\n\n\n<p>Os deputados estaduais Adriano Galdino (presidente da Assembleia Legislativa), Estela Bezerra, Buba Germano, In\u00e1cio Falc\u00e3o, Doda de Ti\u00e3o e Jo\u00e3o Gon\u00e7alves (secret\u00e1rio da Articula\u00e7\u00e3o Pol\u00edtica), prefeitos, vereadores e lideran\u00e7as da regi\u00e3o e auxiliares do Governo da Para\u00edba prestigiaram a solenidade.<\/p>\n\n\n\n<p>Na ocasi\u00e3o, o chefe do Executivo estadual ressaltou que o Governo est\u00e1 dando as condi\u00e7\u00f5es para os jovens paraibanos entenderem a agricultura familiar como uma oportunidade de melhoria de vida. \u201cQualquer a\u00e7\u00e3o que envolva forma\u00e7\u00e3o, prepara\u00e7\u00e3o de m\u00e3o-de-obra e envolvimento dos jovens com a agricultura familiar, a partir de novas tecnologias, \u00e9 muito importante. Os alunos ter\u00e3o a oportunidade de fazer visitas a todas as experi\u00eancias que est\u00e3o sendo implantadas pelo Procase, que v\u00e3o do desenvolvimento de tecnologia voltado para a energia solar \u00e0 irriga\u00e7\u00e3o, permitindo que eles conhe\u00e7am as novas t\u00e9cnicas utilizadas na agricultura\u201d, frisou.<\/p>\n\n\n\n<p>O secret\u00e1rio da Agricultura Familiar e Desenvolvimento do Semi\u00e1rido, Luiz Couto, destacou que a gest\u00e3o reuniu diversos \u00f3rg\u00e3os da administra\u00e7\u00e3o estadual para reafirmar seu compromisso com o fortalecimento do agricultor. \u201cHoje \u00e9 um dia de comemorar e celebrar a Semana da Agricultura Familiar. A realiza\u00e7\u00e3o desse evento \u00e9 importante para capacitar os jovens agricultores para que eles possam trabalhar dentro do componente da educa\u00e7\u00e3o para que n\u00f3s tenhamos alimentos saud\u00e1veis para a popula\u00e7\u00e3o n\u00e3o se alimentar de veneno, trazendo vida para todos\u201d, disse.<\/p>\n\n\n\n<p>O secret\u00e1rio executivo da Ci\u00eancia e Tecnologia, Claudio Furtado, afirmou que o PBTec receber\u00e1 um investimento de R$ 120 mil para promover a\u00e7\u00f5es de forma\u00e7\u00e3o continuada e de inclus\u00e3o produtiva de jovens ligados \u00e0 agricultura familiar. \u201cOs cursos ter\u00e3o 200 horas e ser\u00e3o oferecidos inicialmente para 300 pessoas de dez cidades. N\u00f3s vamos utilizar os kits da Secretaria de Educa\u00e7\u00e3o, Ci\u00eancia e Tecnologia para fazer essa forma\u00e7\u00e3o, permitindo que os estudantes aprendam a transformar energia solar em energia el\u00e9trica, levando essa tecnologia a empreendimentos rurais\u201d, explicou.<\/p>\n\n\n\n<p>O coordenador do Procase, Aristeu Chaves, destacou que a maioria dos jovens contemplados com as bolsas do PBTec ter\u00e1 a chance de receber a primeira remunera\u00e7\u00e3o, corresponde a R$ 440,00 mensais durante um semestre. \u201cEles est\u00e3o recebendo a bolsa do Procase para trabalhar as experi\u00eancias da agricultura familiar, com um card\u00e1pio de oportunidades nas m\u00e3os. Al\u00e9m disso, eles v\u00e3o conhecer o que est\u00e1 acontecendo de bom na \u00e1rea, uma atividade t\u00e3o importante para a produ\u00e7\u00e3o de alimentos saud\u00e1veis, assim como de socializar as experi\u00eancias deles em campo, seja visitando um sistema agroflorestal ou de energia solar, dessalinizador, associa\u00e7\u00f5es, artesanato e fruticultura\u201d, comentou.<\/p>\n\n\n\n<p>O presidente da Assembleia Legislativa, Adriano Galdino, enalteceu o lan\u00e7amento de mais uma pol\u00edtica p\u00fablica. \u201cA gest\u00e3o assegura mais qualidade de vida ao jovem do campo, agregando educa\u00e7\u00e3o \u00e0 produ\u00e7\u00e3o, dando dignidade e autoestima ao agricultor e a Assembleia \u00e9 parceira porque acreditamos numa Para\u00edba melhor e mais justa\u201d, observou.<\/p>\n\n\n\n<p>A estudante L\u00edgia Maria Martins, de Barra de Santa Rosa, falou que a bolsa e os cursos de capacita\u00e7\u00e3o oferecidos pelo Procase a ajudar\u00e3o a fortalecer sua comunidade. \u201cEu sou filha de agricultor, moro na Zona Rural desde que nasci e quero melhorar ainda mais o lugar onde convivo para termos renda pr\u00f3pria a partir da agricultura familiar\u201d, relatou.<\/p>\n\n\n\n<p>O jovem Jos\u00e9 Henrique da Silva, de Pedra Lavrada, afirmou que a a\u00e7\u00e3o do Governo do Estado \u00e9 um incentivo para a juventude. \u201cO jovem vendo outro jovem trabalhando vai ter esse interesse despertado e essa assist\u00eancia do Procase permite a troca de experi\u00eancias entre a juventude de v\u00e1rias regi\u00f5es. Al\u00e9m disso, esses projetos s\u00e3o de extrema import\u00e2ncia para o semi\u00e1rido\u201d, afirmou.<\/p>\n\n\n\n<p>O presidente da Associa\u00e7\u00e3o dos Trabalhadores e Produtores Rurais Nossa Senhora de F\u00e1tima, localizada no munic\u00edpio de Mari, Eduardo F\u00e9lix, fez quest\u00e3o de prestigiar o evento. \u201cEsse \u00e9 um dia importante para n\u00f3s que tentamos sobreviver no campo, superando as dificuldades que enfrentamos. N\u00f3s temos uma grande expectativa de participarmos do programa Para\u00edba Rural Sustent\u00e1vel e confiamos nesse plano de a\u00e7\u00e3o do governo que est\u00e1 em fase de implanta\u00e7\u00e3o\u201d, disse.<\/p>\n\n\n\n<p>Durante todo o dia, os participantes do evento tiveram a oportunidade de acompanhar palestras sobre seguran\u00e7a no tr\u00e2nsito direcionada para jovens que utilizam moto no meio rural, no\u00e7\u00f5es de certifica\u00e7\u00f5es sanit\u00e1rias para empreendimentos e produtos da agricultura familiar, estrat\u00e9gia de implementa\u00e7\u00e3o do Para\u00edba Rural Sustent\u00e1vel \/ Projeto Cooperar e exposi\u00e7\u00e3o de produtos da agricultura familiar e apresenta\u00e7\u00e3o cultural.<\/p>\n\n\n\n<p>Programa de bolsas para jovens rurais \u2013 A a\u00e7\u00e3o voltada para estudantes das escolas estaduais e universidades p\u00fablicas tem como objetivo criar oportunidades de trabalho e de renda, como tamb\u00e9m disseminar conhecimentos e pr\u00e1ticas sobre sustentabilidade do desenvolvimento do meio rural no semi\u00e1rido paraibano. Estes jovens participar\u00e3o, juntamente com as equipes t\u00e9cnicas, de visitas junto aos projetos produtivos do Procase, presentes em associa\u00e7\u00f5es e cooperativas de 56 munic\u00edpios paraibanos, com a\u00e7\u00f5es nas \u00e1reas de sistemas florestais, energia solar, instala\u00e7\u00e3o de dessalinizadores, perfura\u00e7\u00e3o de po\u00e7os, constru\u00e7\u00e3o de barragens subterr\u00e2neas, caprinovinocultura, fruticultura, agroind\u00fastrias, artesanato e pequenas ind\u00fastrias de beneficiamento de min\u00e9rio.<\/p>\n","protected":false},"excerpt":{"rendered":"<p>O governador Jo\u00e3o Azev\u00eado participou, nesta ter\u00e7a-feira (23), de solenidade em alus\u00e3o \u00e0 Semana da Agricultura Familiar, realizada na Federa\u00e7\u00e3o das Ind\u00fastrias do Estado da&hellip; <\/p>\n","protected":false},"author":2,"featured_media":106286,"comment_status":"closed","ping_status":"closed","sticky":false,"template":"","format":"standard","meta":{"sfsi_plus_gutenberg_text_before_share":"","sfsi_plus_gutenberg_show_text_before_share":"","sfsi_plus_gutenberg_icon_type":"","sfsi_plus_gutenberg_icon_alignemt":"","sfsi_plus_gutenburg_max_per_row":"","footnotes":""},"categories":[50,11],"tags":[],"class_list":["post-106285","post","type-post","status-publish","format-standard","has-post-thumbnail","hentry","category-destaque","category-politica"],"_links":{"self":[{"href":"https:\/\/www.caririemacao.com\/1\/wp-json\/wp\/v2\/posts\/106285","targetHints":{"allow":["GET"]}}],"collection":[{"href":"https:\/\/www.caririemacao.com\/1\/wp-json\/wp\/v2\/posts"}],"about":[{"href":"https:\/\/www.caririemacao.com\/1\/wp-json\/wp\/v2\/types\/post"}],"author":[{"embeddable":true,"href":"https:\/\/www.caririemacao.com\/1\/wp-json\/wp\/v2\/users\/2"}],"replies":[{"embeddable":true,"href":"https:\/\/www.caririemacao.com\/1\/wp-json\/wp\/v2\/comments?post=106285"}],"version-history":[{"count":1,"href":"https:\/\/www.caririemacao.com\/1\/wp-json\/wp\/v2\/posts\/106285\/revisions"}],"predecessor-version":[{"id":106287,"href":"https:\/\/www.caririemacao.com\/1\/wp-json\/wp\/v2\/posts\/106285\/revisions\/106287"}],"wp:featuredmedia":[{"embeddable":true,"href":"https:\/\/www.caririemacao.com\/1\/wp-json\/wp\/v2\/media\/106286"}],"wp:attachment":[{"href":"https:\/\/www.caririemacao.com\/1\/wp-json\/wp\/v2\/media?parent=106285"}],"wp:term":[{"taxonomy":"category","embeddable":true,"href":"https:\/\/www.caririemacao.com\/1\/wp-json\/wp\/v2\/categories?post=106285"},{"taxonomy":"post_tag","embeddable":true,"href":"https:\/\/www.caririemacao.com\/1\/wp-json\/wp\/v2\/tags?post=106285"}],"curies":[{"name":"wp","href":"https:\/\/api.w.org\/{rel}","templated":true}]}}