{"id":106288,"date":"2019-07-24T00:43:22","date_gmt":"2019-07-24T03:43:22","guid":{"rendered":"http:\/\/www.caririemacao.com\/1\/?p=106288"},"modified":"2019-07-24T00:43:22","modified_gmt":"2019-07-24T03:43:22","slug":"eden-duarte-representa-prefeitos-no-lancamento-do-programa-pbtec-agricultura-familiar","status":"publish","type":"post","link":"https:\/\/www.caririemacao.com\/1\/2019\/07\/24\/eden-duarte-representa-prefeitos-no-lancamento-do-programa-pbtec-agricultura-familiar\/","title":{"rendered":"\u00c9den Duarte representa prefeitos no lan\u00e7amento do Programa PBTec &#8211; Agricultura Familiar"},"content":{"rendered":"\n<p>O prefeito de Sum\u00e9,\n\u00c9den Duarte, esteve representando os prefeitos da Para\u00edba na solenidade em\nalus\u00e3o \u00e0 Semana da Agricultura Familiar, realizada na Federa\u00e7\u00e3o das Ind\u00fastrias\ndo Estado da Para\u00edba (Fiep), em Campina Grande. <\/p>\n\n\n\n<p>Durante o evento, o\ngovernador Jo\u00e3o Azevedo lan\u00e7ou o programa PBTec &#8211; Agricultura Familiar, uma\na\u00e7\u00e3o promovida pelas Secretarias de Estado da Agricultura Familiar e\nDesenvolvimento do Semi\u00e1rido e da Educa\u00e7\u00e3o, Ci\u00eancia e Tecnologia, que visa\ncapacitar e integrar os jovens rurais com as novas tecnologias. <\/p>\n\n\n\n<p>Al\u00e9m disso, foram\nassinados 225 contratos de bolsas para alunos de escolas estaduais e\nuniversidades p\u00fablicas dos munic\u00edpios atendidos pelo Procase (5 alunos de Sum\u00e9)\nem parceria com a Fapesq, que representam um investimento superior a R$ 660 mil.<\/p>\n","protected":false},"excerpt":{"rendered":"<p>O prefeito de Sum\u00e9, \u00c9den Duarte, esteve representando os prefeitos da Para\u00edba na solenidade em alus\u00e3o \u00e0 Semana da Agricultura Familiar, realizada na Federa\u00e7\u00e3o das&hellip; <\/p>\n","protected":false},"author":2,"featured_media":106289,"comment_status":"closed","ping_status":"closed","sticky":false,"template":"","format":"standard","meta":{"sfsi_plus_gutenberg_text_before_share":"","sfsi_plus_gutenberg_show_text_before_share":"","sfsi_plus_gutenberg_icon_type":"","sfsi_plus_gutenberg_icon_alignemt":"","sfsi_plus_gutenburg_max_per_row":"","footnotes":""},"categories":[50,11],"tags":[],"class_list":["post-106288","post","type-post","status-publish","format-standard","has-post-thumbnail","hentry","category-destaque","category-politica"],"_links":{"self":[{"href":"https:\/\/www.caririemacao.com\/1\/wp-json\/wp\/v2\/posts\/106288","targetHints":{"allow":["GET"]}}],"collection":[{"href":"https:\/\/www.caririemacao.com\/1\/wp-json\/wp\/v2\/posts"}],"about":[{"href":"https:\/\/www.caririemacao.com\/1\/wp-json\/wp\/v2\/types\/post"}],"author":[{"embeddable":true,"href":"https:\/\/www.caririemacao.com\/1\/wp-json\/wp\/v2\/users\/2"}],"replies":[{"embeddable":true,"href":"https:\/\/www.caririemacao.com\/1\/wp-json\/wp\/v2\/comments?post=106288"}],"version-history":[{"count":1,"href":"https:\/\/www.caririemacao.com\/1\/wp-json\/wp\/v2\/posts\/106288\/revisions"}],"predecessor-version":[{"id":106290,"href":"https:\/\/www.caririemacao.com\/1\/wp-json\/wp\/v2\/posts\/106288\/revisions\/106290"}],"wp:featuredmedia":[{"embeddable":true,"href":"https:\/\/www.caririemacao.com\/1\/wp-json\/wp\/v2\/media\/106289"}],"wp:attachment":[{"href":"https:\/\/www.caririemacao.com\/1\/wp-json\/wp\/v2\/media?parent=106288"}],"wp:term":[{"taxonomy":"category","embeddable":true,"href":"https:\/\/www.caririemacao.com\/1\/wp-json\/wp\/v2\/categories?post=106288"},{"taxonomy":"post_tag","embeddable":true,"href":"https:\/\/www.caririemacao.com\/1\/wp-json\/wp\/v2\/tags?post=106288"}],"curies":[{"name":"wp","href":"https:\/\/api.w.org\/{rel}","templated":true}]}}