{"id":106291,"date":"2019-07-24T00:54:21","date_gmt":"2019-07-24T03:54:21","guid":{"rendered":"http:\/\/www.caririemacao.com\/1\/?p=106291"},"modified":"2019-07-24T00:54:21","modified_gmt":"2019-07-24T03:54:21","slug":"caraubas-silvano-assina-ordem-de-servico-para-reforma-do-mercado-publico","status":"publish","type":"post","link":"https:\/\/www.caririemacao.com\/1\/2019\/07\/24\/caraubas-silvano-assina-ordem-de-servico-para-reforma-do-mercado-publico\/","title":{"rendered":"CARA\u00daBAS: Silvano assina ordem de servi\u00e7o para reforma do Mercado P\u00fablico"},"content":{"rendered":"\n<p>Em solenidade realizada na manh\u00e3 do \u00faltimo s\u00e1bado, 20\/07, no\npr\u00e9dio onde funciona o Mercado P\u00fablico Manoel Clementino das Neves, o prefeito\nSilvano Dudu, acompanhado do vice-prefeito Z\u00e9 de Laura, vereadores, secret\u00e1rios\nmunicipais, assessores da Prefeitura e comerciantes estabelecidos no local,\nassinou a ordem de servi\u00e7o para in\u00edcio das obras de reforma da infraestrutura\ndo pr\u00e9dio.<\/p>\n\n\n\n<p>De acordo com o secret\u00e1rio de obras p\u00fablicas e servi\u00e7os urbanos,\nJos\u00e9 Marcelo Neves, j\u00e1 a partir do pr\u00f3ximo s\u00e1bado dia 27\/07, a feira livre\nfuncionar\u00e1 em um novo local adaptado temporariamente para atender a demanda de\ncomerciantes e comerci\u00e1rios. <\/p>\n\n\n\n<p>A Prefeitura investiu recursos na ordem de mais de 30 mil reais\npara adapta\u00e7\u00e3o &nbsp;de um novo espa\u00e7o por tr\u00e1s\ndo antigo Grupo Escolar Serveliano de Farias Castro que passar\u00e1 a abrigar os\ncomerciantes j\u00e1 estabelecidos no Mercado P\u00fablico.<\/p>\n\n\n\n<p>De acordo com o prefeito Silvano, a reforma s\u00f3 foi poss\u00edvel\ngra\u00e7as a Emenda Parlamentar do ex-deputado federal e hoje senador Veneziano\nVital do Rego Segundo Neto, no valor de R$ 397.800,00 (Trezentos e Noventa e\nSete Mil e Oitocentos Reais) junto ao Minist\u00e9rio do Turismo.&nbsp;<\/p>\n\n\n\n<p>Durante a solenidade o prefeito Silvano Dudu agradeceu o\nempenho do senador na indica\u00e7\u00e3o e libera\u00e7\u00e3o dos recursos necess\u00e1rios a\nrealiza\u00e7\u00e3o de um sonho de todos os caraubenses. Hoje \u00e9 um daqueles dias\nhist\u00f3ricos para a hist\u00f3ria desta cidade e em especial para os que trabalham por\nmais de tr\u00eas d\u00e9cadas neste local. Vamos reformar e revitalizar essa \u00e1rea\ntransformando ela num espa\u00e7o moderno e que possa receber centenas de pessoas\ndiariamente, disse o prefeito.<\/p>\n\n\n\n<p>Nosso maior desafio n\u00e3o ser\u00e1 edificar esta obra, mas\nconscientizar as pessoas que far\u00e3o uso dela de que Cara\u00fabas vive um novo tempo.\nEstamos preparando a cidade para o futuro e, com a inclus\u00e3o do munic\u00edpio no\nMapa do Turismo do Brasil precisamos superar etapas e desafios, estruturando\nnossos espa\u00e7os p\u00fablicos, sendo o Mercado P\u00fablico o primeiro deles, afirmou o\nprefeito.<\/p>\n\n\n\n<p>A obra ser\u00e1 administrada pela construtora JOS\u00c9 GEOVASIO\nFERNANDES DA SILVA \u2013 ME, vencedora do certame licitat\u00f3rio na modalidade Tomada\nde Pre\u00e7o n\u00ba. 00002\/2018, e de acordo com o contrato celebrado ter\u00e1 12(doze)\nmeses para conclus\u00e3o da obra caso tudo ocorra dentro do cronograma elaborado\npela SOPSUR.<\/p>\n\n\n\n<p>Participaram da solenidade da assinatura da ordem de\nservi\u00e7o, al\u00e9m do prefeito Silvano Dudu, o vice-prefeito Z\u00e9 de Laura, a primeira\ndama do munic\u00edpio e vereadora Neide de Assis, o presidente da C\u00e2mara Municipal\nde Cara\u00fabas, Jos\u00e9 Franconero, os vereadores Teinha, Tomaz e Fabio Pereira,\nsecret\u00e1rios da Agricultura Rone Feitoza, da Administra\u00e7\u00e3o Nelson Honorato, da\nSa\u00fade Leonardo Eneas, do Planejamento, Comunica\u00e7\u00e3o e Gest\u00e3o, jornalista Eduardo\nBelo, da Assist\u00eancia Social, Fl\u00e1via Quirino, dos Transportes Renivaldo Neves,\nal\u00e9m de comerciantes, feirantes e comerci\u00e1rios.<\/p>\n\n\n\n<p>Fonte:&nbsp;SEPLACOM<\/p>\n\n\n\n<p>Foto:&nbsp;MIGUEL FILHO<\/p>\n","protected":false},"excerpt":{"rendered":"<p>Em solenidade realizada na manh\u00e3 do \u00faltimo s\u00e1bado, 20\/07, no pr\u00e9dio onde funciona o Mercado P\u00fablico Manoel Clementino das Neves, o prefeito Silvano Dudu, acompanhado&hellip; <\/p>\n","protected":false},"author":2,"featured_media":106292,"comment_status":"closed","ping_status":"closed","sticky":false,"template":"","format":"standard","meta":{"sfsi_plus_gutenberg_text_before_share":"","sfsi_plus_gutenberg_show_text_before_share":"","sfsi_plus_gutenberg_icon_type":"","sfsi_plus_gutenberg_icon_alignemt":"","sfsi_plus_gutenburg_max_per_row":"","footnotes":""},"categories":[6,50],"tags":[],"class_list":["post-106291","post","type-post","status-publish","format-standard","has-post-thumbnail","hentry","category-cidades","category-destaque"],"_links":{"self":[{"href":"https:\/\/www.caririemacao.com\/1\/wp-json\/wp\/v2\/posts\/106291","targetHints":{"allow":["GET"]}}],"collection":[{"href":"https:\/\/www.caririemacao.com\/1\/wp-json\/wp\/v2\/posts"}],"about":[{"href":"https:\/\/www.caririemacao.com\/1\/wp-json\/wp\/v2\/types\/post"}],"author":[{"embeddable":true,"href":"https:\/\/www.caririemacao.com\/1\/wp-json\/wp\/v2\/users\/2"}],"replies":[{"embeddable":true,"href":"https:\/\/www.caririemacao.com\/1\/wp-json\/wp\/v2\/comments?post=106291"}],"version-history":[{"count":1,"href":"https:\/\/www.caririemacao.com\/1\/wp-json\/wp\/v2\/posts\/106291\/revisions"}],"predecessor-version":[{"id":106294,"href":"https:\/\/www.caririemacao.com\/1\/wp-json\/wp\/v2\/posts\/106291\/revisions\/106294"}],"wp:featuredmedia":[{"embeddable":true,"href":"https:\/\/www.caririemacao.com\/1\/wp-json\/wp\/v2\/media\/106292"}],"wp:attachment":[{"href":"https:\/\/www.caririemacao.com\/1\/wp-json\/wp\/v2\/media?parent=106291"}],"wp:term":[{"taxonomy":"category","embeddable":true,"href":"https:\/\/www.caririemacao.com\/1\/wp-json\/wp\/v2\/categories?post=106291"},{"taxonomy":"post_tag","embeddable":true,"href":"https:\/\/www.caririemacao.com\/1\/wp-json\/wp\/v2\/tags?post=106291"}],"curies":[{"name":"wp","href":"https:\/\/api.w.org\/{rel}","templated":true}]}}