{"id":106295,"date":"2019-07-24T01:05:42","date_gmt":"2019-07-24T04:05:42","guid":{"rendered":"http:\/\/www.caririemacao.com\/1\/?p=106295"},"modified":"2019-07-24T01:05:42","modified_gmt":"2019-07-24T04:05:42","slug":"deputado-moacir-participa-de-atividades-em-galante-e-boqueirao","status":"publish","type":"post","link":"https:\/\/www.caririemacao.com\/1\/2019\/07\/24\/deputado-moacir-participa-de-atividades-em-galante-e-boqueirao\/","title":{"rendered":"Deputado Moacir participa de atividades em Galante e Boqueir\u00e3o"},"content":{"rendered":"\n<p>Desde que assumiu uma cadeira na Assembleia Legislativa da Para\u00edba, o deputado estadual, Moacir Rodrigues (PSL), vem nos \u00faltimos meses participando de uma extensa agenda de compromissos em v\u00e1rios munic\u00edpios paraibanos, conversando com a popula\u00e7\u00e3o e se reunindo com entidades para discutir temas importantes para o estado da Para\u00edba.<\/p>\n\n\n\n<figure class=\"wp-block-image\"><img fetchpriority=\"high\" decoding=\"async\" width=\"1024\" height=\"1024\" src=\"http:\/\/www.caririemacao.com\/1\/wp-content\/uploads\/2019\/07\/WhatsApp-Image-2019-07-19-at-15.41.29-1024x1024.jpeg\" alt=\"\" class=\"wp-image-106296\" srcset=\"https:\/\/www.caririemacao.com\/1\/wp-content\/uploads\/2019\/07\/WhatsApp-Image-2019-07-19-at-15.41.29-1024x1024.jpeg 1024w, https:\/\/www.caririemacao.com\/1\/wp-content\/uploads\/2019\/07\/WhatsApp-Image-2019-07-19-at-15.41.29-150x150.jpeg 150w, https:\/\/www.caririemacao.com\/1\/wp-content\/uploads\/2019\/07\/WhatsApp-Image-2019-07-19-at-15.41.29-300x300.jpeg 300w, https:\/\/www.caririemacao.com\/1\/wp-content\/uploads\/2019\/07\/WhatsApp-Image-2019-07-19-at-15.41.29-768x768.jpeg 768w, https:\/\/www.caririemacao.com\/1\/wp-content\/uploads\/2019\/07\/WhatsApp-Image-2019-07-19-at-15.41.29.jpeg 1280w\" sizes=\"(max-width: 1024px) 100vw, 1024px\" \/><\/figure>\n\n\n\n<p>Na \u00faltima sexta-feira, 19, o parlamentar esteve com o chefe\ndo Posto de Opera\u00e7\u00f5es do DNOCS em Boqueir\u00e3o, Evandro Pereira, discutindo o\nprojeto de constru\u00e7\u00e3o de Agroflorestais na Para\u00edba.<\/p>\n\n\n\n<p>\u201cAproveitamos e juntamente com o prefeito de Pocinhos,\nCl\u00e1udio Chaves, fomos recebidos por Pedro Apr\u00edgio, coordenador do projeto APA\n8Verde. Incentivamos a implanta\u00e7\u00e3o de um pesque e visite, no local, abrindo\npara visita\u00e7\u00e3o da popula\u00e7\u00e3o e tornando mais um ponto tur\u00edstico na regi\u00e3o\u201d,\ncomentou.<\/p>\n\n\n\n<p>J\u00e1 nesta segunda-feira (23), Moacir esteve no distrito de Galante\n(Campina Grande), acompanhando a programa\u00e7\u00e3o alusiva ao Dia do Agricultor,\nrealizada pela Secretaria de Agricultura de Campina Grande.<\/p>\n\n\n\n<p>A programa\u00e7\u00e3o contou com caf\u00e9 da manh\u00e3, entrega de raquetes de\npalmas, doa\u00e7\u00e3o de mudas e \u00f4nibus itinerante do SINE, al\u00e9m, de toda assist\u00eancia\nda equipe de t\u00e9cnicos da Seagri que esclareceram d\u00favidas sobre as mais diversas\na\u00e7\u00f5es do munic\u00edpio em prol das comunidades rurais de Campina.<\/p>\n","protected":false},"excerpt":{"rendered":"<p>Desde que assumiu uma cadeira na Assembleia Legislativa da Para\u00edba, o deputado estadual, Moacir Rodrigues (PSL), vem nos \u00faltimos meses participando de uma extensa agenda&hellip; <\/p>\n","protected":false},"author":2,"featured_media":106297,"comment_status":"closed","ping_status":"closed","sticky":false,"template":"","format":"standard","meta":{"sfsi_plus_gutenberg_text_before_share":"","sfsi_plus_gutenberg_show_text_before_share":"","sfsi_plus_gutenberg_icon_type":"","sfsi_plus_gutenberg_icon_alignemt":"","sfsi_plus_gutenburg_max_per_row":"","footnotes":""},"categories":[50,11],"tags":[],"class_list":["post-106295","post","type-post","status-publish","format-standard","has-post-thumbnail","hentry","category-destaque","category-politica"],"_links":{"self":[{"href":"https:\/\/www.caririemacao.com\/1\/wp-json\/wp\/v2\/posts\/106295","targetHints":{"allow":["GET"]}}],"collection":[{"href":"https:\/\/www.caririemacao.com\/1\/wp-json\/wp\/v2\/posts"}],"about":[{"href":"https:\/\/www.caririemacao.com\/1\/wp-json\/wp\/v2\/types\/post"}],"author":[{"embeddable":true,"href":"https:\/\/www.caririemacao.com\/1\/wp-json\/wp\/v2\/users\/2"}],"replies":[{"embeddable":true,"href":"https:\/\/www.caririemacao.com\/1\/wp-json\/wp\/v2\/comments?post=106295"}],"version-history":[{"count":1,"href":"https:\/\/www.caririemacao.com\/1\/wp-json\/wp\/v2\/posts\/106295\/revisions"}],"predecessor-version":[{"id":106298,"href":"https:\/\/www.caririemacao.com\/1\/wp-json\/wp\/v2\/posts\/106295\/revisions\/106298"}],"wp:featuredmedia":[{"embeddable":true,"href":"https:\/\/www.caririemacao.com\/1\/wp-json\/wp\/v2\/media\/106297"}],"wp:attachment":[{"href":"https:\/\/www.caririemacao.com\/1\/wp-json\/wp\/v2\/media?parent=106295"}],"wp:term":[{"taxonomy":"category","embeddable":true,"href":"https:\/\/www.caririemacao.com\/1\/wp-json\/wp\/v2\/categories?post=106295"},{"taxonomy":"post_tag","embeddable":true,"href":"https:\/\/www.caririemacao.com\/1\/wp-json\/wp\/v2\/tags?post=106295"}],"curies":[{"name":"wp","href":"https:\/\/api.w.org\/{rel}","templated":true}]}}