{"id":106299,"date":"2019-07-24T01:18:44","date_gmt":"2019-07-24T04:18:44","guid":{"rendered":"http:\/\/www.caririemacao.com\/1\/?p=106299"},"modified":"2019-07-24T01:18:44","modified_gmt":"2019-07-24T04:18:44","slug":"prefeita-de-ouro-velho-entrega-tablets-para-agentes-de-saude","status":"publish","type":"post","link":"https:\/\/www.caririemacao.com\/1\/2019\/07\/24\/prefeita-de-ouro-velho-entrega-tablets-para-agentes-de-saude\/","title":{"rendered":"Prefeita de Ouro Velho entrega tablets para Agentes de Sa\u00fade"},"content":{"rendered":"\n<p>O papel e a caneta eram instrumentos costumeiros na rotina\ndos Agentes Comunit\u00e1rios de Sa\u00fade de Ouro Velho, no Cariri Paraibano, por\u00e9m,\nest\u00e3o com os dias contados. A manh\u00e3 de segunda-feira, 23, marcou a entrega de\ntablets que ser\u00e3o utilizados pelos profissionais daqui em diante. <\/p>\n\n\n\n<p>A distribui\u00e7\u00e3o dos aparelhos ocorreu no Secretaria de Sa\u00fade de Ouro Velho e contou com a presen\u00e7a da prefeita Nat\u00e1lia, da secret\u00e1ria de Sa\u00fade, Ludmila Nunes, equipe da Aten\u00e7\u00e3o B\u00e1sica, e dos agentes comunit\u00e1rios de sa\u00fade. <\/p>\n\n\n\n<p>Segundo a secret\u00e1ria Ludmila, os equipamentos foram comprados com recursos pr\u00f3prio com o objetivo de incentivar a equipe a melhorar a qualidade dos servi\u00e7os de sa\u00fade oferecidos aos cidad\u00e3os.<\/p>\n\n\n\n<figure class=\"wp-block-image\"><img fetchpriority=\"high\" decoding=\"async\" width=\"1024\" height=\"768\" src=\"http:\/\/www.caririemacao.com\/1\/wp-content\/uploads\/2019\/07\/WhatsApp-Image-2019-07-23-at-16.28.30-2-1024x768.jpeg\" alt=\"\" class=\"wp-image-106300\" srcset=\"https:\/\/www.caririemacao.com\/1\/wp-content\/uploads\/2019\/07\/WhatsApp-Image-2019-07-23-at-16.28.30-2-1024x768.jpeg 1024w, https:\/\/www.caririemacao.com\/1\/wp-content\/uploads\/2019\/07\/WhatsApp-Image-2019-07-23-at-16.28.30-2-300x225.jpeg 300w, https:\/\/www.caririemacao.com\/1\/wp-content\/uploads\/2019\/07\/WhatsApp-Image-2019-07-23-at-16.28.30-2-768x576.jpeg 768w, https:\/\/www.caririemacao.com\/1\/wp-content\/uploads\/2019\/07\/WhatsApp-Image-2019-07-23-at-16.28.30-2.jpeg 1280w\" sizes=\"(max-width: 1024px) 100vw, 1024px\" \/><\/figure>\n\n\n\n<p>A secret\u00e1ria de Sa\u00fade explicou que a medida visa otimizar o servi\u00e7o que contar\u00e1 com um sistema moderno que facilitar\u00e1 na coleta das informa\u00e7\u00f5es e agilizar\u00e1 os servi\u00e7os da Secretaria de Sa\u00fade. De acordo com a secret\u00e1ria, os agentes foram treinados e j\u00e1 sabem como usar o sistema. <\/p>\n","protected":false},"excerpt":{"rendered":"<p>O papel e a caneta eram instrumentos costumeiros na rotina dos Agentes Comunit\u00e1rios de Sa\u00fade de Ouro Velho, no Cariri Paraibano, por\u00e9m, est\u00e3o com os&hellip; <\/p>\n","protected":false},"author":2,"featured_media":106301,"comment_status":"closed","ping_status":"closed","sticky":false,"template":"","format":"standard","meta":{"sfsi_plus_gutenberg_text_before_share":"","sfsi_plus_gutenberg_show_text_before_share":"","sfsi_plus_gutenberg_icon_type":"","sfsi_plus_gutenberg_icon_alignemt":"","sfsi_plus_gutenburg_max_per_row":"","footnotes":""},"categories":[6,50],"tags":[],"class_list":["post-106299","post","type-post","status-publish","format-standard","has-post-thumbnail","hentry","category-cidades","category-destaque"],"_links":{"self":[{"href":"https:\/\/www.caririemacao.com\/1\/wp-json\/wp\/v2\/posts\/106299","targetHints":{"allow":["GET"]}}],"collection":[{"href":"https:\/\/www.caririemacao.com\/1\/wp-json\/wp\/v2\/posts"}],"about":[{"href":"https:\/\/www.caririemacao.com\/1\/wp-json\/wp\/v2\/types\/post"}],"author":[{"embeddable":true,"href":"https:\/\/www.caririemacao.com\/1\/wp-json\/wp\/v2\/users\/2"}],"replies":[{"embeddable":true,"href":"https:\/\/www.caririemacao.com\/1\/wp-json\/wp\/v2\/comments?post=106299"}],"version-history":[{"count":1,"href":"https:\/\/www.caririemacao.com\/1\/wp-json\/wp\/v2\/posts\/106299\/revisions"}],"predecessor-version":[{"id":106302,"href":"https:\/\/www.caririemacao.com\/1\/wp-json\/wp\/v2\/posts\/106299\/revisions\/106302"}],"wp:featuredmedia":[{"embeddable":true,"href":"https:\/\/www.caririemacao.com\/1\/wp-json\/wp\/v2\/media\/106301"}],"wp:attachment":[{"href":"https:\/\/www.caririemacao.com\/1\/wp-json\/wp\/v2\/media?parent=106299"}],"wp:term":[{"taxonomy":"category","embeddable":true,"href":"https:\/\/www.caririemacao.com\/1\/wp-json\/wp\/v2\/categories?post=106299"},{"taxonomy":"post_tag","embeddable":true,"href":"https:\/\/www.caririemacao.com\/1\/wp-json\/wp\/v2\/tags?post=106299"}],"curies":[{"name":"wp","href":"https:\/\/api.w.org\/{rel}","templated":true}]}}