{"id":106304,"date":"2019-07-24T01:28:58","date_gmt":"2019-07-24T04:28:58","guid":{"rendered":"http:\/\/www.caririemacao.com\/1\/?p=106304"},"modified":"2019-07-24T01:28:58","modified_gmt":"2019-07-24T04:28:58","slug":"equipe-serrabranquense-estreia-com-vitoria-na-copa-paraiba-sub-15-de-futebol","status":"publish","type":"post","link":"https:\/\/www.caririemacao.com\/1\/2019\/07\/24\/equipe-serrabranquense-estreia-com-vitoria-na-copa-paraiba-sub-15-de-futebol\/","title":{"rendered":"Equipe serrabranquense estreia com vit\u00f3ria na Copa Para\u00edba Sub-15 de Futebol"},"content":{"rendered":"\n<p>A\natual campe\u00e3 da etapa regional do Cariri da Copa Para\u00edba Sub 15, a Escolinha\nPequeno Craque da cidade de Serra Branca realizou no \u00faltimo s\u00e1bado(20) a sua\nestreia na competi\u00e7\u00e3o e goleio o seu primeiro advers\u00e1rio.<\/p>\n\n\n\n<p>A escolinha serra-branquense\nfoi at\u00e9 a cidade de Camala\u00fa enfrentar a equipe da casa, a Escolinha de Futebol\nPedro Adalberto de Souza e venceu pelo placar de 4\u00d71. Kayke Henrique, Alan duas\nvezes e Matheus de Sucuru fizeram os gols da Escolinha Pequeno Craque.<\/p>\n\n\n\n<p>A equipe de Serra Branca\nrealizou uma grande partida em sua estreia, onde todo os atletas souberam\naproveitas as chances que teve a seu favor e mostrando um belo futebol,\nproposto pela comiss\u00e3o t\u00e9cnica. Em conversa com o prof. galeguinho, o mesmo\nparabenizou a garotada pela estreia e o esfor\u00e7o dos garotos dentro de campo.\n\u201cFizemos uma bela estreia na competi\u00e7\u00e3o. Gra\u00e7as a Deus estamos dando\ncontinuidade ao nosso projeto, estamos aprimorando ainda alguns detalhes de\nprepara\u00e7\u00e3o da nossa garotada, mas todos est\u00e3o de parab\u00e9ns pelo desempenho e\nempenho dentro das quatros linhas\u201d, disse o professor Galeguinho.<\/p>\n\n\n\n<p>O pr\u00f3ximo duelo da Escolinha\ndo Prof. Galeguinho est\u00e1 marcado para o pr\u00f3ximo dia 24 de agosto, desta vez\nsendo realizado na cidade da Prata, onde enfrentar\u00e1 a equipe da Escola\nMunicipal Maria Menezes.<\/p>\n\n\n\n<p><strong>Cariri\nEsporte<\/strong><\/p>\n","protected":false},"excerpt":{"rendered":"<p>A atual campe\u00e3 da etapa regional do Cariri da Copa Para\u00edba Sub 15, a Escolinha Pequeno Craque da cidade de Serra Branca realizou no \u00faltimo&hellip; <\/p>\n","protected":false},"author":2,"featured_media":106305,"comment_status":"closed","ping_status":"closed","sticky":false,"template":"","format":"standard","meta":{"sfsi_plus_gutenberg_text_before_share":"","sfsi_plus_gutenberg_show_text_before_share":"","sfsi_plus_gutenberg_icon_type":"","sfsi_plus_gutenberg_icon_alignemt":"","sfsi_plus_gutenburg_max_per_row":"","footnotes":""},"categories":[50,13],"tags":[],"class_list":["post-106304","post","type-post","status-publish","format-standard","has-post-thumbnail","hentry","category-destaque","category-esportes"],"_links":{"self":[{"href":"https:\/\/www.caririemacao.com\/1\/wp-json\/wp\/v2\/posts\/106304","targetHints":{"allow":["GET"]}}],"collection":[{"href":"https:\/\/www.caririemacao.com\/1\/wp-json\/wp\/v2\/posts"}],"about":[{"href":"https:\/\/www.caririemacao.com\/1\/wp-json\/wp\/v2\/types\/post"}],"author":[{"embeddable":true,"href":"https:\/\/www.caririemacao.com\/1\/wp-json\/wp\/v2\/users\/2"}],"replies":[{"embeddable":true,"href":"https:\/\/www.caririemacao.com\/1\/wp-json\/wp\/v2\/comments?post=106304"}],"version-history":[{"count":1,"href":"https:\/\/www.caririemacao.com\/1\/wp-json\/wp\/v2\/posts\/106304\/revisions"}],"predecessor-version":[{"id":106306,"href":"https:\/\/www.caririemacao.com\/1\/wp-json\/wp\/v2\/posts\/106304\/revisions\/106306"}],"wp:featuredmedia":[{"embeddable":true,"href":"https:\/\/www.caririemacao.com\/1\/wp-json\/wp\/v2\/media\/106305"}],"wp:attachment":[{"href":"https:\/\/www.caririemacao.com\/1\/wp-json\/wp\/v2\/media?parent=106304"}],"wp:term":[{"taxonomy":"category","embeddable":true,"href":"https:\/\/www.caririemacao.com\/1\/wp-json\/wp\/v2\/categories?post=106304"},{"taxonomy":"post_tag","embeddable":true,"href":"https:\/\/www.caririemacao.com\/1\/wp-json\/wp\/v2\/tags?post=106304"}],"curies":[{"name":"wp","href":"https:\/\/api.w.org\/{rel}","templated":true}]}}