{"id":106308,"date":"2019-07-24T01:41:59","date_gmt":"2019-07-24T04:41:59","guid":{"rendered":"http:\/\/www.caririemacao.com\/1\/?p=106308"},"modified":"2019-07-24T01:41:59","modified_gmt":"2019-07-24T04:41:59","slug":"camalau-sedia-abertura-da-copa-paraiba-sub-15","status":"publish","type":"post","link":"https:\/\/www.caririemacao.com\/1\/2019\/07\/24\/camalau-sedia-abertura-da-copa-paraiba-sub-15\/","title":{"rendered":"Camala\u00fa sedia abertura da Copa Para\u00edba sub-15"},"content":{"rendered":"\n<p>A cidade de Camala\u00fa, sediou neste final de semana, a abertura\noficial da Copa Para\u00edba Sub 15, com a participa\u00e7\u00e3o de quatro equipes. A\ncompeti\u00e7\u00e3o estadual conta com equipes das 14 regi\u00f5es da Para\u00edba.<\/p>\n\n\n\n<p>Na abertura, o evento contou com o apoio da Prefeito Municipal que cedeu toda a estrutura para a realiza\u00e7\u00e3o do certame. <\/p>\n\n\n\n<figure class=\"wp-block-image\"><img fetchpriority=\"high\" decoding=\"async\" width=\"960\" height=\"540\" src=\"http:\/\/www.caririemacao.com\/1\/wp-content\/uploads\/2019\/07\/67217006_1679048092225554_3647807082742153216_n.jpg\" alt=\"\" class=\"wp-image-106309\" srcset=\"https:\/\/www.caririemacao.com\/1\/wp-content\/uploads\/2019\/07\/67217006_1679048092225554_3647807082742153216_n.jpg 960w, https:\/\/www.caririemacao.com\/1\/wp-content\/uploads\/2019\/07\/67217006_1679048092225554_3647807082742153216_n-300x169.jpg 300w, https:\/\/www.caririemacao.com\/1\/wp-content\/uploads\/2019\/07\/67217006_1679048092225554_3647807082742153216_n-768x432.jpg 768w\" sizes=\"(max-width: 960px) 100vw, 960px\" \/><\/figure>\n\n\n\n<p>O prefeito Sandro M\u00f4co esteve ao lado do vice-prefeito Kiel,\nvereadores, secret\u00e1rios e dos amigos camalauenses prestigiando este grande evento\nesportivo. \u201cCamala\u00fa come\u00e7a a ganhar import\u00e2ncia no estado e consegue com nosso\napoio sediar a abertura de uma grande competi\u00e7\u00e3o estadual,\u201d comentou.<\/p>\n","protected":false},"excerpt":{"rendered":"<p>A cidade de Camala\u00fa, sediou neste final de semana, a abertura oficial da Copa Para\u00edba Sub 15, com a participa\u00e7\u00e3o de quatro equipes. A competi\u00e7\u00e3o&hellip; <\/p>\n","protected":false},"author":2,"featured_media":106310,"comment_status":"closed","ping_status":"closed","sticky":false,"template":"","format":"standard","meta":{"sfsi_plus_gutenberg_text_before_share":"","sfsi_plus_gutenberg_show_text_before_share":"","sfsi_plus_gutenberg_icon_type":"","sfsi_plus_gutenberg_icon_alignemt":"","sfsi_plus_gutenburg_max_per_row":"","footnotes":""},"categories":[50,2],"tags":[],"class_list":["post-106308","post","type-post","status-publish","format-standard","has-post-thumbnail","hentry","category-destaque","category-geral"],"_links":{"self":[{"href":"https:\/\/www.caririemacao.com\/1\/wp-json\/wp\/v2\/posts\/106308","targetHints":{"allow":["GET"]}}],"collection":[{"href":"https:\/\/www.caririemacao.com\/1\/wp-json\/wp\/v2\/posts"}],"about":[{"href":"https:\/\/www.caririemacao.com\/1\/wp-json\/wp\/v2\/types\/post"}],"author":[{"embeddable":true,"href":"https:\/\/www.caririemacao.com\/1\/wp-json\/wp\/v2\/users\/2"}],"replies":[{"embeddable":true,"href":"https:\/\/www.caririemacao.com\/1\/wp-json\/wp\/v2\/comments?post=106308"}],"version-history":[{"count":1,"href":"https:\/\/www.caririemacao.com\/1\/wp-json\/wp\/v2\/posts\/106308\/revisions"}],"predecessor-version":[{"id":106311,"href":"https:\/\/www.caririemacao.com\/1\/wp-json\/wp\/v2\/posts\/106308\/revisions\/106311"}],"wp:featuredmedia":[{"embeddable":true,"href":"https:\/\/www.caririemacao.com\/1\/wp-json\/wp\/v2\/media\/106310"}],"wp:attachment":[{"href":"https:\/\/www.caririemacao.com\/1\/wp-json\/wp\/v2\/media?parent=106308"}],"wp:term":[{"taxonomy":"category","embeddable":true,"href":"https:\/\/www.caririemacao.com\/1\/wp-json\/wp\/v2\/categories?post=106308"},{"taxonomy":"post_tag","embeddable":true,"href":"https:\/\/www.caririemacao.com\/1\/wp-json\/wp\/v2\/tags?post=106308"}],"curies":[{"name":"wp","href":"https:\/\/api.w.org\/{rel}","templated":true}]}}