{"id":106315,"date":"2019-07-24T02:09:20","date_gmt":"2019-07-24T05:09:20","guid":{"rendered":"http:\/\/www.caririemacao.com\/1\/?p=106315"},"modified":"2019-07-24T02:09:20","modified_gmt":"2019-07-24T05:09:20","slug":"prefeitura-de-sao-jose-dos-cordeiros-inicia-comemoracoes-alusivas-aos-agricultores","status":"publish","type":"post","link":"https:\/\/www.caririemacao.com\/1\/2019\/07\/24\/prefeitura-de-sao-jose-dos-cordeiros-inicia-comemoracoes-alusivas-aos-agricultores\/","title":{"rendered":"Prefeitura de S\u00e3o Jos\u00e9 dos Cordeiros inicia comemora\u00e7\u00f5es alusivas aos agricultores"},"content":{"rendered":"\n<p>A Prefeitura Municipal de S\u00e3o Jos\u00e9 dos Cordeiros, atrav\u00e9s da Secretaria de Sa\u00fade, Assist\u00eancia Social e Agricultura, em parceria com o SENAR e Banco do Nordeste, realizou nesta segunda-feira, dia 23, o dia da Sa\u00fade do Homem do Campo, intensificando mais ainda as comemora\u00e7\u00e3o da Semana do Agricultor.<\/p>\n\n\n\n<figure class=\"wp-block-image\"><img fetchpriority=\"high\" decoding=\"async\" width=\"960\" height=\"720\" src=\"http:\/\/www.caririemacao.com\/1\/wp-content\/uploads\/2019\/07\/67094341_2305524166189894_3604240927356354560_n.jpg\" alt=\"\" class=\"wp-image-106316\" srcset=\"https:\/\/www.caririemacao.com\/1\/wp-content\/uploads\/2019\/07\/67094341_2305524166189894_3604240927356354560_n.jpg 960w, https:\/\/www.caririemacao.com\/1\/wp-content\/uploads\/2019\/07\/67094341_2305524166189894_3604240927356354560_n-300x225.jpg 300w, https:\/\/www.caririemacao.com\/1\/wp-content\/uploads\/2019\/07\/67094341_2305524166189894_3604240927356354560_n-768x576.jpg 768w\" sizes=\"(max-width: 960px) 100vw, 960px\" \/><\/figure>\n\n\n\n<p>Segundo o prefeito\nJefferson Roberto, os agricultores foram contemplados com v\u00e1rias a\u00e7\u00f5es promovidas\npelas secretarias municipais, entre elas, a realiza\u00e7\u00e3o de testes de glicemia,\nverifica\u00e7\u00e3o da press\u00e3o, vacinas, como tamb\u00e9m assistiram palestras de preven\u00e7\u00e3o de\ndoen\u00e7as, receberam kit preventivos, al\u00e9m do mais, foram beneficiados com Corte\nde Cabelo e Barba.<\/p>\n\n\n\n<p>Os agricultores tamb\u00e9m\nparticiparam da cerim\u00f4nia de quita\u00e7\u00e3o de d\u00e9bitos de alguns agricultores beneficiados\npela Lei n.\u00ba 13.140, pagos pela Prefeitura Municipal. \u201cComo podem ver, foi um\ndia intenso e voltado para o homem do campo, ressaltando o nosso compromisso\ncom nosso Agricultor\u201d, ressaltou o prefeito Jefferson Roberto<\/p>\n","protected":false},"excerpt":{"rendered":"<p>A Prefeitura Municipal de S\u00e3o Jos\u00e9 dos Cordeiros, atrav\u00e9s da Secretaria de Sa\u00fade, Assist\u00eancia Social e Agricultura, em parceria com o SENAR e Banco do&hellip; <\/p>\n","protected":false},"author":2,"featured_media":106317,"comment_status":"closed","ping_status":"closed","sticky":false,"template":"","format":"standard","meta":{"sfsi_plus_gutenberg_text_before_share":"","sfsi_plus_gutenberg_show_text_before_share":"","sfsi_plus_gutenberg_icon_type":"","sfsi_plus_gutenberg_icon_alignemt":"","sfsi_plus_gutenburg_max_per_row":"","footnotes":""},"categories":[6,50],"tags":[],"class_list":["post-106315","post","type-post","status-publish","format-standard","has-post-thumbnail","hentry","category-cidades","category-destaque"],"_links":{"self":[{"href":"https:\/\/www.caririemacao.com\/1\/wp-json\/wp\/v2\/posts\/106315","targetHints":{"allow":["GET"]}}],"collection":[{"href":"https:\/\/www.caririemacao.com\/1\/wp-json\/wp\/v2\/posts"}],"about":[{"href":"https:\/\/www.caririemacao.com\/1\/wp-json\/wp\/v2\/types\/post"}],"author":[{"embeddable":true,"href":"https:\/\/www.caririemacao.com\/1\/wp-json\/wp\/v2\/users\/2"}],"replies":[{"embeddable":true,"href":"https:\/\/www.caririemacao.com\/1\/wp-json\/wp\/v2\/comments?post=106315"}],"version-history":[{"count":1,"href":"https:\/\/www.caririemacao.com\/1\/wp-json\/wp\/v2\/posts\/106315\/revisions"}],"predecessor-version":[{"id":106318,"href":"https:\/\/www.caririemacao.com\/1\/wp-json\/wp\/v2\/posts\/106315\/revisions\/106318"}],"wp:featuredmedia":[{"embeddable":true,"href":"https:\/\/www.caririemacao.com\/1\/wp-json\/wp\/v2\/media\/106317"}],"wp:attachment":[{"href":"https:\/\/www.caririemacao.com\/1\/wp-json\/wp\/v2\/media?parent=106315"}],"wp:term":[{"taxonomy":"category","embeddable":true,"href":"https:\/\/www.caririemacao.com\/1\/wp-json\/wp\/v2\/categories?post=106315"},{"taxonomy":"post_tag","embeddable":true,"href":"https:\/\/www.caririemacao.com\/1\/wp-json\/wp\/v2\/tags?post=106315"}],"curies":[{"name":"wp","href":"https:\/\/api.w.org\/{rel}","templated":true}]}}