{"id":106320,"date":"2019-07-24T02:19:23","date_gmt":"2019-07-24T05:19:23","guid":{"rendered":"http:\/\/www.caririemacao.com\/1\/?p=106320"},"modified":"2019-07-24T02:19:23","modified_gmt":"2019-07-24T05:19:23","slug":"timotio-solicita-construcao-de-praca-e-minicampo-na-zona-rural-do-congo","status":"publish","type":"post","link":"https:\/\/www.caririemacao.com\/1\/2019\/07\/24\/timotio-solicita-construcao-de-praca-e-minicampo-na-zona-rural-do-congo\/","title":{"rendered":"Timotio solicita constru\u00e7\u00e3o de pra\u00e7a e minicampo na zona rural do Congo"},"content":{"rendered":"\n<p>O vereador do Congo, Agnaldo Alves Martins (Timotio), segundo colocado nas elei\u00e7\u00f5es de 2016, vem intensificando sua atua\u00e7\u00e3o e apresentando importantes projetos na C\u00e2mara Municipal.<\/p>\n\n\n\n<p>Recentemente, Timotio apresentou e conseguiu a aprova\u00e7\u00e3o de seus colegas parlamentares de dois requerimentos, o primeiro pedindo a constru\u00e7\u00e3o de uma pra\u00e7a na comunidade Tapera e o segundo solicitando a constru\u00e7\u00e3o de um minicampo de futebol na Lagoa da ilha.<\/p>\n\n\n\n<p>\u201cFui eleito para\ntrabalhar e defender meu povo, defender minhas comunidades, por isso, tenho\nbuscado represent\u00e1-los naquilo que eles mais precisam, sendo um porta voz no Poder\nLegislativo\u201d, comentou.<\/p>\n","protected":false},"excerpt":{"rendered":"<p>O vereador do Congo, Agnaldo Alves Martins (Timotio), segundo colocado nas elei\u00e7\u00f5es de 2016, vem intensificando sua atua\u00e7\u00e3o e apresentando importantes projetos na C\u00e2mara Municipal.&hellip; <\/p>\n","protected":false},"author":2,"featured_media":106321,"comment_status":"closed","ping_status":"closed","sticky":false,"template":"","format":"standard","meta":{"sfsi_plus_gutenberg_text_before_share":"","sfsi_plus_gutenberg_show_text_before_share":"","sfsi_plus_gutenberg_icon_type":"","sfsi_plus_gutenberg_icon_alignemt":"","sfsi_plus_gutenburg_max_per_row":"","footnotes":""},"categories":[50,11],"tags":[],"class_list":["post-106320","post","type-post","status-publish","format-standard","has-post-thumbnail","hentry","category-destaque","category-politica"],"_links":{"self":[{"href":"https:\/\/www.caririemacao.com\/1\/wp-json\/wp\/v2\/posts\/106320","targetHints":{"allow":["GET"]}}],"collection":[{"href":"https:\/\/www.caririemacao.com\/1\/wp-json\/wp\/v2\/posts"}],"about":[{"href":"https:\/\/www.caririemacao.com\/1\/wp-json\/wp\/v2\/types\/post"}],"author":[{"embeddable":true,"href":"https:\/\/www.caririemacao.com\/1\/wp-json\/wp\/v2\/users\/2"}],"replies":[{"embeddable":true,"href":"https:\/\/www.caririemacao.com\/1\/wp-json\/wp\/v2\/comments?post=106320"}],"version-history":[{"count":1,"href":"https:\/\/www.caririemacao.com\/1\/wp-json\/wp\/v2\/posts\/106320\/revisions"}],"predecessor-version":[{"id":106322,"href":"https:\/\/www.caririemacao.com\/1\/wp-json\/wp\/v2\/posts\/106320\/revisions\/106322"}],"wp:featuredmedia":[{"embeddable":true,"href":"https:\/\/www.caririemacao.com\/1\/wp-json\/wp\/v2\/media\/106321"}],"wp:attachment":[{"href":"https:\/\/www.caririemacao.com\/1\/wp-json\/wp\/v2\/media?parent=106320"}],"wp:term":[{"taxonomy":"category","embeddable":true,"href":"https:\/\/www.caririemacao.com\/1\/wp-json\/wp\/v2\/categories?post=106320"},{"taxonomy":"post_tag","embeddable":true,"href":"https:\/\/www.caririemacao.com\/1\/wp-json\/wp\/v2\/tags?post=106320"}],"curies":[{"name":"wp","href":"https:\/\/api.w.org\/{rel}","templated":true}]}}