{"id":106329,"date":"2019-07-24T08:02:15","date_gmt":"2019-07-24T11:02:15","guid":{"rendered":"http:\/\/www.caririemacao.com\/1\/?p=106329"},"modified":"2019-07-24T08:02:15","modified_gmt":"2019-07-24T11:02:15","slug":"suspeitos-de-invadir-celular-de-moro-sao-transferidos-para-brasilia","status":"publish","type":"post","link":"https:\/\/www.caririemacao.com\/1\/2019\/07\/24\/suspeitos-de-invadir-celular-de-moro-sao-transferidos-para-brasilia\/","title":{"rendered":"Suspeitos de invadir celular de Moro s\u00e3o transferidos para Bras\u00edlia"},"content":{"rendered":"\n<p>Os quatro suspeitos presos hoje (23) pela Pol\u00edcia Federal (PF) sob suspeita de invadir o telefone celular do ministro da Justi\u00e7a e Seguran\u00e7a P\u00fablica, Sergio Moro, ser\u00e3o transferidos para Bras\u00edlia, onde v\u00e3o prestar depoimento.<\/p>\n\n\n\n<p>Mais cedo, suspeitos foram detidos em car\u00e1ter tempor\u00e1rio nas cidades de Araraquara, S\u00e3o Paulo e Ribeir\u00e3o Preto. De acordo com as investiga\u00e7\u00f5es, eles fariam parte uma organiza\u00e7\u00e3o criminosa que pratica crimes cibern\u00e9ticos. Tamb\u00e9m foram cumpridos sete mandados de busca e apreens\u00e3o.<\/p>\n\n\n\n<p>Os onze mandados foram emitidos pelo juiz Vallisney de Souza Oliveira, titular da 10\u00aa Vara Federal de Bras\u00edlia. Os detalhes da investiga\u00e7\u00e3o ser\u00e3o mantidos em segredo de Justi\u00e7a at\u00e9 amanh\u00e3, \u00e0s 12h.<\/p>\n\n\n\n<p><strong>LEIA MAIS<\/strong>:&nbsp;<a href=\"https:\/\/www.clickpb.com.br\/paraiba\/policia-federal-prende-quatro-em-operacao-que-investiga-invasao-do-celular-de-sergio-moro-264538.html\">Pol\u00edcia Federal prende quatro em opera\u00e7\u00e3o que investiga invas\u00e3o do celular de Sergio Moro<\/a><br><\/p>\n\n\n\n<p>A opera\u00e7\u00e3o foi batizada de Spoofing, express\u00e3o relativa a um tipo de falsifica\u00e7\u00e3o tecnol\u00f3gica, que procura enganar uma rede ou uma pessoa fazendo-a acreditar que a fonte de uma informa\u00e7\u00e3o \u00e9 confi\u00e1vel quando, na realidade, n\u00e3o \u00e9.<\/p>\n\n\n\n<p>Em of\u00edcio encaminhado ao Supremo Tribunal Federal (STF), o diretor-geral da PF, Maur\u00edcio Valeixo, informou que o jornalista Gleen Greenwald n\u00e3o \u00e9 investigado no caso. Gleen \u00e9 um dos editores do site The Intercept Brasil, que divulgou mensagens atribu\u00eddas ao ministro Moro e que teriam sido hackeadas. As informa\u00e7\u00f5es fazem parte de uma a\u00e7\u00e3o na qual a Rede Sustentabilidade pretende saber se o jornalista \u00e9 investigado no caso.&nbsp;<\/p>\n","protected":false},"excerpt":{"rendered":"<p>Os quatro suspeitos presos hoje (23) pela Pol\u00edcia Federal (PF) sob suspeita de invadir o telefone celular do ministro da Justi\u00e7a e Seguran\u00e7a P\u00fablica, Sergio&hellip; <\/p>\n","protected":false},"author":1,"featured_media":106330,"comment_status":"closed","ping_status":"closed","sticky":false,"template":"","format":"standard","meta":{"sfsi_plus_gutenberg_text_before_share":"","sfsi_plus_gutenberg_show_text_before_share":"","sfsi_plus_gutenberg_icon_type":"","sfsi_plus_gutenberg_icon_alignemt":"","sfsi_plus_gutenburg_max_per_row":"","footnotes":""},"categories":[2],"tags":[],"class_list":["post-106329","post","type-post","status-publish","format-standard","has-post-thumbnail","hentry","category-geral"],"_links":{"self":[{"href":"https:\/\/www.caririemacao.com\/1\/wp-json\/wp\/v2\/posts\/106329","targetHints":{"allow":["GET"]}}],"collection":[{"href":"https:\/\/www.caririemacao.com\/1\/wp-json\/wp\/v2\/posts"}],"about":[{"href":"https:\/\/www.caririemacao.com\/1\/wp-json\/wp\/v2\/types\/post"}],"author":[{"embeddable":true,"href":"https:\/\/www.caririemacao.com\/1\/wp-json\/wp\/v2\/users\/1"}],"replies":[{"embeddable":true,"href":"https:\/\/www.caririemacao.com\/1\/wp-json\/wp\/v2\/comments?post=106329"}],"version-history":[{"count":1,"href":"https:\/\/www.caririemacao.com\/1\/wp-json\/wp\/v2\/posts\/106329\/revisions"}],"predecessor-version":[{"id":106331,"href":"https:\/\/www.caririemacao.com\/1\/wp-json\/wp\/v2\/posts\/106329\/revisions\/106331"}],"wp:featuredmedia":[{"embeddable":true,"href":"https:\/\/www.caririemacao.com\/1\/wp-json\/wp\/v2\/media\/106330"}],"wp:attachment":[{"href":"https:\/\/www.caririemacao.com\/1\/wp-json\/wp\/v2\/media?parent=106329"}],"wp:term":[{"taxonomy":"category","embeddable":true,"href":"https:\/\/www.caririemacao.com\/1\/wp-json\/wp\/v2\/categories?post=106329"},{"taxonomy":"post_tag","embeddable":true,"href":"https:\/\/www.caririemacao.com\/1\/wp-json\/wp\/v2\/tags?post=106329"}],"curies":[{"name":"wp","href":"https:\/\/api.w.org\/{rel}","templated":true}]}}