{"id":106335,"date":"2019-07-24T08:19:46","date_gmt":"2019-07-24T11:19:46","guid":{"rendered":"http:\/\/www.caririemacao.com\/1\/?p=106335"},"modified":"2019-07-24T08:19:46","modified_gmt":"2019-07-24T11:19:46","slug":"mp-investiga-fantasmas-em-prefeitura-da-pb","status":"publish","type":"post","link":"https:\/\/www.caririemacao.com\/1\/2019\/07\/24\/mp-investiga-fantasmas-em-prefeitura-da-pb\/","title":{"rendered":"MP investiga \u2018fantasmas\u2019 em Prefeitura da PB"},"content":{"rendered":"\n<p>O Minist\u00e9rio P\u00fablico da Para\u00edba instaurou um inqu\u00e9rito civil para apurar a exist\u00eancia de \u2018servidores fantasmas\u2019 na administra\u00e7\u00e3o p\u00fablica do munic\u00edpio de S\u00e3o Jo\u00e3o do Cariri, localizado na Mesorregi\u00e3o da Borborema. A portaria foi divulgada na edi\u00e7\u00e3o desta ter\u00e7a-feira (23) do Di\u00e1rio Oficial do \u00f3rg\u00e3o.<\/p>\n\n\n\n<p>De acordo com o documento, \u00e9 preciso \u2018aferir prov\u00e1veis servidores p\u00fablicos fantasmas\u2019. Segundo o \u00f3rg\u00e3o, embora conste o nome nos quadros de servidores, supostos integrantes da administra\u00e7\u00e3o p\u00fablica n\u00e3o necessariamente existem ou existiram.<\/p>\n\n\n\n<p>O documento, assinado pelo promotor de Justi\u00e7a Jos\u00e9 Bezerra Diniz, se tratava de um procedimento preparat\u00f3rio e foi convertido em inqu\u00e9rito civil \u201chaja vista premente necessidade de se cumprirem dilig\u00eancias, como forma de melhor instru\u00e7\u00e3o\u201d.<\/p>\n","protected":false},"excerpt":{"rendered":"<p>O Minist\u00e9rio P\u00fablico da Para\u00edba instaurou um inqu\u00e9rito civil para apurar a exist\u00eancia de \u2018servidores fantasmas\u2019 na administra\u00e7\u00e3o p\u00fablica do munic\u00edpio de S\u00e3o Jo\u00e3o do&hellip; <\/p>\n","protected":false},"author":1,"featured_media":106336,"comment_status":"closed","ping_status":"closed","sticky":false,"template":"","format":"standard","meta":{"sfsi_plus_gutenberg_text_before_share":"","sfsi_plus_gutenberg_show_text_before_share":"","sfsi_plus_gutenberg_icon_type":"","sfsi_plus_gutenberg_icon_alignemt":"","sfsi_plus_gutenburg_max_per_row":"","footnotes":""},"categories":[11],"tags":[],"class_list":["post-106335","post","type-post","status-publish","format-standard","has-post-thumbnail","hentry","category-politica"],"_links":{"self":[{"href":"https:\/\/www.caririemacao.com\/1\/wp-json\/wp\/v2\/posts\/106335","targetHints":{"allow":["GET"]}}],"collection":[{"href":"https:\/\/www.caririemacao.com\/1\/wp-json\/wp\/v2\/posts"}],"about":[{"href":"https:\/\/www.caririemacao.com\/1\/wp-json\/wp\/v2\/types\/post"}],"author":[{"embeddable":true,"href":"https:\/\/www.caririemacao.com\/1\/wp-json\/wp\/v2\/users\/1"}],"replies":[{"embeddable":true,"href":"https:\/\/www.caririemacao.com\/1\/wp-json\/wp\/v2\/comments?post=106335"}],"version-history":[{"count":1,"href":"https:\/\/www.caririemacao.com\/1\/wp-json\/wp\/v2\/posts\/106335\/revisions"}],"predecessor-version":[{"id":106337,"href":"https:\/\/www.caririemacao.com\/1\/wp-json\/wp\/v2\/posts\/106335\/revisions\/106337"}],"wp:featuredmedia":[{"embeddable":true,"href":"https:\/\/www.caririemacao.com\/1\/wp-json\/wp\/v2\/media\/106336"}],"wp:attachment":[{"href":"https:\/\/www.caririemacao.com\/1\/wp-json\/wp\/v2\/media?parent=106335"}],"wp:term":[{"taxonomy":"category","embeddable":true,"href":"https:\/\/www.caririemacao.com\/1\/wp-json\/wp\/v2\/categories?post=106335"},{"taxonomy":"post_tag","embeddable":true,"href":"https:\/\/www.caririemacao.com\/1\/wp-json\/wp\/v2\/tags?post=106335"}],"curies":[{"name":"wp","href":"https:\/\/api.w.org\/{rel}","templated":true}]}}