{"id":106343,"date":"2019-07-24T08:24:41","date_gmt":"2019-07-24T11:24:41","guid":{"rendered":"http:\/\/www.caririemacao.com\/1\/?p=106343"},"modified":"2019-07-24T08:24:41","modified_gmt":"2019-07-24T11:24:41","slug":"ans-autoriza-reajuste-de-ate-735-nos-planos-de-saude","status":"publish","type":"post","link":"https:\/\/www.caririemacao.com\/1\/2019\/07\/24\/ans-autoriza-reajuste-de-ate-735-nos-planos-de-saude\/","title":{"rendered":"ANS autoriza reajuste de at\u00e9 7,35% nos planos de sa\u00fade"},"content":{"rendered":"\n<p>Ag\u00eancia Nacional de Sa\u00fade Suplementar (ANS) definiu que as mensalidades dos planos de sa\u00fade individuais ou familiares poder\u00e3o ter reajuste m\u00e1ximo de 7,35%. A decis\u00e3o foi publicada no Di\u00e1rio Oficial da Uni\u00e3o desta quarta-feira 24.<\/p>\n\n\n\n<p>O \u00edndice poder\u00e1 ser aplicado aos planos de sa\u00fade que fizerem anivers\u00e1rio no per\u00edodo de maio de 2019 a abril de 2020.<\/p>\n\n\n\n<p>Segundo a ANS, o c\u00e1lculo que estabeleceu os 7,35% de reajuste combina a varia\u00e7\u00e3o das despesas assistenciais com o \u00cdndice de Pre\u00e7os ao Consumidor Amplo (IPCA), sem considerar o item Plano de Sa\u00fade. Ainda de acordo com a ag\u00eancia reguladora, o modelo resultou na redu\u00e7\u00e3o do valor de reajuste. No ano passado, a autoriza\u00e7\u00e3o de aumento chegou a 10%.<\/p>\n\n\n\n<p>\u201cEste ano, trouxemos para o c\u00e1lculo do reajuste um elemento muito importante, que \u00e9 o Fator de Ganhos de Efici\u00eancia (FGE). Al\u00e9m de ser um incentivo para que as operadoras melhorem a gest\u00e3o de seus neg\u00f3cios, o FGE evita que haja um repasse autom\u00e1tico dos custos das empresas aos consumidores\u201d, afirmou o diretor de Normas e Habilita\u00e7\u00e3o dos Produtos da ANS, Rog\u00e9rio Scarabel, em nota publicada pela ag\u00eancia.<\/p>\n","protected":false},"excerpt":{"rendered":"<p>Ag\u00eancia Nacional de Sa\u00fade Suplementar (ANS) definiu que as mensalidades dos planos de sa\u00fade individuais ou familiares poder\u00e3o ter reajuste m\u00e1ximo de 7,35%. A decis\u00e3o&hellip; <\/p>\n","protected":false},"author":1,"featured_media":106344,"comment_status":"closed","ping_status":"closed","sticky":false,"template":"","format":"standard","meta":{"sfsi_plus_gutenberg_text_before_share":"","sfsi_plus_gutenberg_show_text_before_share":"","sfsi_plus_gutenberg_icon_type":"","sfsi_plus_gutenberg_icon_alignemt":"","sfsi_plus_gutenburg_max_per_row":"","footnotes":""},"categories":[16],"tags":[],"class_list":["post-106343","post","type-post","status-publish","format-standard","has-post-thumbnail","hentry","category-saude"],"_links":{"self":[{"href":"https:\/\/www.caririemacao.com\/1\/wp-json\/wp\/v2\/posts\/106343","targetHints":{"allow":["GET"]}}],"collection":[{"href":"https:\/\/www.caririemacao.com\/1\/wp-json\/wp\/v2\/posts"}],"about":[{"href":"https:\/\/www.caririemacao.com\/1\/wp-json\/wp\/v2\/types\/post"}],"author":[{"embeddable":true,"href":"https:\/\/www.caririemacao.com\/1\/wp-json\/wp\/v2\/users\/1"}],"replies":[{"embeddable":true,"href":"https:\/\/www.caririemacao.com\/1\/wp-json\/wp\/v2\/comments?post=106343"}],"version-history":[{"count":1,"href":"https:\/\/www.caririemacao.com\/1\/wp-json\/wp\/v2\/posts\/106343\/revisions"}],"predecessor-version":[{"id":106345,"href":"https:\/\/www.caririemacao.com\/1\/wp-json\/wp\/v2\/posts\/106343\/revisions\/106345"}],"wp:featuredmedia":[{"embeddable":true,"href":"https:\/\/www.caririemacao.com\/1\/wp-json\/wp\/v2\/media\/106344"}],"wp:attachment":[{"href":"https:\/\/www.caririemacao.com\/1\/wp-json\/wp\/v2\/media?parent=106343"}],"wp:term":[{"taxonomy":"category","embeddable":true,"href":"https:\/\/www.caririemacao.com\/1\/wp-json\/wp\/v2\/categories?post=106343"},{"taxonomy":"post_tag","embeddable":true,"href":"https:\/\/www.caririemacao.com\/1\/wp-json\/wp\/v2\/tags?post=106343"}],"curies":[{"name":"wp","href":"https:\/\/api.w.org\/{rel}","templated":true}]}}